{"id":5522,"date":"2023-03-30T15:17:53","date_gmt":"2023-03-30T13:17:53","guid":{"rendered":"https:\/\/www.campinglabaiedesveys.com\/por-que-deberia-asistir-al-festival-dday\/"},"modified":"2024-06-10T09:53:02","modified_gmt":"2024-06-10T07:53:02","slug":"por-que-deberia-asistir-al-festival-dday","status":"publish","type":"post","link":"https:\/\/www.campinglabaiedesveys.com\/es\/por-que-deberia-asistir-al-festival-dday\/","title":{"rendered":"Por qu\u00e9 deber\u00edas ir al festival DDAY"},"content":{"rendered":"<p>[et_pb_section fb_built=\u00bb1&#8243; _builder_version=\u00bb4.20.2&#8243; _module_preset=\u00bbdefault\u00bb global_colors_info=\u00bb{}\u00bb][et_pb_row _builder_version=\u00bb4.19.4&#8243; _module_preset=\u00bbdefault\u00bb min_height=\u00bb2491.6px\u00bb global_colors_info=\u00bb{}\u00bb][et_pb_column type=\u00bb4_4&#8243; _builder_version=\u00bb4.19.4&#8243; _module_preset=\u00bbdefault\u00bb global_colors_info=\u00bb{}\u00bb][et_pb_text _builder_version=\u00bb4.19.4&#8243; _module_preset=\u00bbdefault\u00bb global_colors_info=\u00bb{}\u00bb]<\/p>\n<p class=\"is-style-excerpt\" style=\"text-align: left;\">\n<h2 style=\"text-align: left;\">78\u00ba aniversario del D\u00eda D y de la Batalla de Normand\u00eda.<\/h2>\n<p style=\"text-align: left;\">Legado de la historia contempor\u00e1nea, el desembarco aliado del 6 de junio de 1944 gener\u00f3 un gran n\u00famero de visitantes<br \/>Se ha convertido en una parte vital de la econom\u00eda tur\u00edstica de Normand\u00eda. Cada a\u00f1o, las oficinas de turismo de la regi\u00f3n de Cotentin se unen para ofrecerle un colorido programa cerca del camping Baie des Veys, en Sainte Marie du Mont.<\/p>\n<h2 style=\"text-align: left;\">LO M\u00c1S DESTACADO DEL FESTIVAL DEL D\u00cdA D DE NORMAND\u00cdA 2022<\/h2>\n<p style=\"text-align: left;\">Ya el a\u00f1o pasado, \u00a1los organizadores hicieron un gran trabajo! A diez minutos del camping, podr\u00e1 vivir una fuerte emoci\u00f3n con el lanzamiento en paraca\u00eddas de 500 civiles y soldados en Sainte-M\u00e8re Eglise, como nos cuenta <a href=\"https:\/\/www.francebleu.fr\/infos\/societe\/en-images-les-parachutages-sur-les-marais-de-la-fiere-sainte-mere-eglise-pour-le-72e-anniversaire-du-debarquement-1465151714\">Cl\u00e9mentine Vergnaud, de France Bleu, en este art\u00edculo <\/a>.  <\/p>\n<p style=\"text-align: left;\">\n<p style=\"text-align: left;\"><a href=\"https:\/\/www.francebleu.fr\/infos\/societe\/en-images-les-parachutages-sur-les-marais-de-la-fiere-sainte-mere-eglise-pour-le-72e-anniversaire-du-debarquement-1465151714\"><img decoding=\"async\" src=\"https:\/\/www.francebleu.fr\/s3\/cruiser-production\/2016\/06\/b1c17931-20f1-493a-91d0-7be4dd2ebbbb\/1200x680_dsc06526.jpg\" alt=\"Los lanzamientos de paraca\u00eddas estuvieron muy concurridos.\"> <\/a><\/p>\n<p style=\"text-align: left;\">\n<p style=\"text-align: left;\"> <strong>Un espect\u00e1culo extraordinario en Normand\u00eda<\/strong><\/p>\n<blockquote>\n<p>Un consejo para esta edici\u00f3n de 2023: \u00a1no olvide su c\u00e1mara!<\/p>\n<\/blockquote>\n<p style=\"text-align: left;\"><b>Para los deportistas, \u00a1tomen su n\u00famero para el<a href=\"https:\/\/www.marathondelaliberte.fr\/le-marathon-de-la-liberte\/\"> marat\u00f3n de la libertad<\/a>!<\/b><\/p>\n<p style=\"text-align: left;\"><a href=\"https:\/\/www.marathondelaliberte.fr\/le-marathon-de-la-liberte\/\"><b><img decoding=\"async\" src=\"https:\/\/www.marathondelaliberte.fr\/wp-content\/uploads\/MARATHON_DE_LA_LIBERTE__4.jpg\" alt=\"MARAT\u00d3N_DE_LIBERTAD__4\"><\/b><\/a><\/p>\n<p style=\"text-align: left;\"><span style=\"font-size: 14px;\"><\/span><\/p>\n<p style=\"text-align: left;\">Ya van 35 ediciones! El Marat\u00f3n de la Libertad es el evento principal del Festival DDAY sobre la m\u00edtica distancia de 42,195 km. A menudo conocido como el <a href=\"https:\/\/www.marathondelaliberte.fr\/le-marathon-de-la-liberte\/\">Marat\u00f3n de las Playas del D\u00eda D<\/a>, el Marat\u00f3n de la Libert\u00e9, con su etiqueta nacional FFA, tiene uno de los recorridos m\u00e1s bellos de Francia. Si eres valiente y deportista, \u00e9ste es el festival que no te puedes perder<\/p>\n<h2 style=\"text-align: left;\">NO TE PIERDAS LOS FUEGOS ARTIFICIALES EN UTAH BEACH<\/h2>\n<p style=\"text-align: left;\"><strong>Con motivo del 60 aniversario del Museo del D\u00eda D, se celebrar\u00e1 un espect\u00e1culo de fuegos artificiales en la playa de Urah.<\/strong><\/p>\n<p style=\"text-align: left;\">Le esperamos el viernes 10 de junio a las 23.00 horas para disfrutar de este magn\u00edfico espect\u00e1culo.<\/p>\n<p style=\"text-align: left;\">Informaci\u00f3n: 02 33 71 53 35  <\/p>\n<div class=\"wp-block-columns\" style=\"text-align: left;\">\n<div class=\"wp-block-column\"><img decoding=\"async\" src=\"https:\/\/images.unsplash.com\/photo-1498931299472-f7a63a5a1cfa?ixlib=rb-4.0.3&amp;ixid=MnwxMjA3fDB8MHxwaG90by1wYWdlfHx8fGVufDB8fHx8&amp;auto=format&amp;fit=crop&amp;w=1000&amp;q=80\" alt=\"fuochi d'artificio verdi, rossi e bianchi sul cielo di notte\"><\/div>\n<\/div>\n<p style=\"text-align: left;\"><strong>\u00bfD\u00f3nde alojarse durante el DDAY FESTIVAL 2023?<\/strong><\/p>\n<p style=\"text-align: left;\">En el camping Baie Des Veys, por supuesto, estar\u00e1 en medio de la fiesta. En casas m\u00f3viles, tiendas vikingas o caba\u00f1as, tenemos una amplia oferta de alojamiento. Aproveche este tiempo en la naturaleza a 5 minutos de la playa de Utah para participar en el mayor n\u00famero posible de eventos.<\/p>\n<p style=\"text-align: left;\"><b>\u00bfQu\u00e9 hacer fuera del festival?<\/b><\/p>\n<p style=\"text-align: left;\">El camping*** de la bah\u00eda des Veys es un destino ideal para los amantes de la naturaleza, la gastronom\u00eda, la aventura y el arte y la historia. Ahora que se acercan las vacaciones de Semana Santa o los <strong>puentes de mayo <\/strong>, es el momento de reservar su escapada costera.<\/p>\n<p style=\"text-align: left;\">\n<p style=\"text-align: left;\"><a href=\"https:\/\/www.campinglabaiedesveys.com\/es\/reserve\/\"><br \/>\n  <strong>Reservando ahora<\/strong><br \/>\n<\/a>Disfrute de un fin de semana tranquilo y memorable en una de las regiones m\u00e1s bellas de Normand\u00eda. As\u00ed que no espere m\u00e1s, reserve ya su fin de semana en la Baie des Veys y prep\u00e1rese para vivir una experiencia inolvidable.<\/p>\n<p style=\"text-align: left;\"><span style=\"text-decoration: underline;\"><em> <\/em><\/span><\/p>\n<p>[\/et_pb_text][\/et_pb_column][\/et_pb_row][et_pb_row column_structure=\u00bb1_3,1_3,1_3&#8243; admin_label=\u00bbProceso Fila\u00bb _builder_version=\u00bb4.20.4&#8243; background_color=\u00bb#ffffff\u00bb background_pattern_horizontal_offset=\u00bb-34%\u00bb background_enable_mask_style=\u00bbon\u00bb background_mask_style=\u00bbellipse\u00bb background_mask_color=\u00bbRGBA(255,255,255,0)\u00bb background_mask_size=\u00bbcover\u00bb animation_style=\u00bbbounce\u00bb global_module=\u00bb635&#8243; saved_tabs=\u00bball\u00bb global_colors_info=\u00bb{}\u00bb][et_pb_column type=\u00bb1_3&#8243; _builder_version=\u00bb4.19.4&#8243; custom_padding=\u00bb|||\u00bb global_colors_info=\u00bb{}\u00bb custom_padding__hover=\u00bb|||\u00bb][et_pb_blurb title=\u00bbBuscar en\u00bb url=\u00bbhttps:\/\/www.campinglabaiedesveys.com\/es\/alojamiento\/\u00bb image=\u00bbhttps:\/\/www.campinglabaiedesveys.com\/wp-content\/uploads\/2022\/10\/1.gif\u00bb alt=\u00bb1&#8243; image_icon_width=\u00bb38px\u00bb admin_label=\u00bbProcess\u00bb _builder_version=\u00bb4.19.2&#8243; header_font=\u00bbMuli|700|||||||\u00bb header_text_align=\u00bbcenter\u00bb header_font_size=\u00bb20px\u00bb header_line_height=\u00bb1.4em\u00bb body_font=\u00bbMuli|600|||||||\u00bb body_text_align=\u00bbcenter\u00bb body_font_size=\u00bb16px\u00bb body_line_height=\u00bb1.8em\u00bb link_option_url=\u00bbhttps:\/\/www.campinglabaiedesveys.com\/es\/alojamiento\/\u00bb border_width_all_image=\u00bb4px\u00bb border_color_all_image=\u00bb#6fbebd\u00bb image_max_width=\u00bb38px\u00bb global_colors_info=\u00bb{}\u00bb]<\/p>\n<p>Mobil-home, alojamiento ins\u00f3lito, casa rural: elija el lugar ideal para su estancia<\/p>\n<p>[\/et_pb_blurb][\/et_pb_column][et_pb_column type=\u00bb1_3&#8243; _builder_version=\u00bb4.16&#8243; custom_padding=\u00bb|||\u00bb global_colors_info=\u00bb{}\u00bb custom_padding__hover=\u00bb|||\u00bb][et_pb_blurb title=\u00bbPrepare\u00bb url=\u00bbhttps:\/\/www.campinglabaiedesveys.com\/es\/salidas\/visitas-e-historia\/\u00bb image=\u00bbhttps:\/\/www.campinglabaiedesveys.com\/wp-content\/uploads\/2022\/10\/2.gif\u00bb alt=\u00bb2&#8243; image_icon_width=\u00bb38px\u00bb admin_label=\u00bbProcess\u00bb _builder_version=\u00bb4.19.2&#8243; header_font=\u00bbMuli|700|||||||\u00bb header_text_align=\u00bbcenter\u00bb header_font_size=\u00bb20px\u00bb header_line_height=\u00bb1.4em\u00bb body_font=\u00bbMuli|600|||||||\u00bb body_text_align=\u00bbcenter\u00bb body_font_size=\u00bb16px\u00bb body_line_height=\u00bb1.8em\u00bb link_option_url=\u00bbhttps:\/\/www.campinglabaiedesveys.com\/es\/salidas\/visitas-e-historia\/\u00bb border_width_all_image=\u00bb4px\u00bb border_color_all_image=\u00bb#6fbebd\u00bb image_max_width=\u00bb38px\u00bb global_colors_info=\u00bb{}\u00bb]<\/p>\n<p>Reserva natural, playas del desembarco del D\u00eda D, museo&#8230; planifique sus vacaciones<\/p>\n<p>[\/et_pb_blurb][\/et_pb_column][et_pb_column type=\u00bb1_3&#8243; _builder_version=\u00bb4.16&#8243; custom_padding=\u00bb|||\u00bb global_colors_info=\u00bb{}\u00bb custom_padding__hover=\u00bb|||\u00bb][et_pb_blurb title=\u00bbReserve\u00bb url=\u00bbhttps:\/\/www.campinglabaiedesveys.com\/es\/reserve\/\u00bb image=\u00bbhttps:\/\/www.campinglabaiedesveys.com\/wp-content\/uploads\/2022\/10\/3.gif\u00bb alt=\u00bb3&#8243; image_icon_width=\u00bb38px\u00bb admin_label=\u00bbProcess\u00bb _builder_version=\u00bb4.19.2&#8243; header_font=\u00bbMuli|700|||||||\u00bb header_text_align=\u00bbcenter\u00bb header_font_size=\u00bb20px\u00bb header_line_height=\u00bb1.4em\u00bb body_font=\u00bbMuli|600|||||||\u00bb body_text_align=\u00bbcenter\u00bb body_font_size=\u00bb16px\u00bb body_line_height=\u00bb1.8em\u00bb link_option_url=\u00bbhttps:\/\/www.campinglabaiedesveys.com\/es\/reserve\/\u00bb border_width_all_image=\u00bb4px\u00bb border_color_all_image=\u00bb#6fbebd\u00bb image_max_width=\u00bb38px\u00bb global_colors_info=\u00bb{}\u00bb]<\/p>\n<p>En unos pocos clics, seleccione su estancia y \u00a1a disfrutar!<\/p>\n<p>[\/et_pb_blurb][\/et_pb_column][\/et_pb_row][et_pb_row admin_label=\u00bbEntradas de blog Fila\u00bb _builder_version=\u00bb4.19.4&#8243; global_colors_info=\u00bb{}\u00bb][et_pb_column type=\u00bb4_4&#8243; _builder_version=\u00bb4.19.4&#8243; custom_padding=\u00bb|||\u00bb global_colors_info=\u00bb{}\u00bb custom_padding__hover=\u00bb|||\u00bb][et_pb_blog fullwidth=\u00bboff\u00bb posts_number=\u00bb5&#8243; use_manual_excerpt=\u00bboff\u00bb _builder_version=\u00bb4.19.4&#8243; header_level=\u00bbh4&#8243; header_font=\u00bbMuli|600|||||||\u00bb header_font_size=\u00bb18px\u00bb header_line_height=\u00bb1.4em\u00bb body_font=\u00bbMuli||||||||\u00bb body_font_size=\u00bb16px\u00bb body_line_height=\u00bb1.8em\u00bb meta_font=\u00bbMuli|600|||||||\u00bb meta_text_color=\u00bbrgba(0,0,0,0.3)\u00bb meta_font_size=\u00bb14px\u00bb pagination_font=\u00bbMuli|700|||||||\u00bb pagination_text_color=\u00bb#f4583f\u00bb border_width_all=\u00bb0px\u00bb global_colors_info=\u00bb{}\u00bb][\/et_pb_blog][\/et_pb_column][\/et_pb_row][\/et_pb_section]<\/p>\n","protected":false},"excerpt":{"rendered":"<p>El Festival del D\u00eda D en Normand\u00eda ofrece un programa de actos festivos para conmemorar el aniversario del desembarco aliado en Normand\u00eda el 6 de junio de 1944, del 27 de mayo al 18 de junio.<\/p>\n","protected":false},"author":3,"featured_media":5510,"comment_status":"closed","ping_status":"closed","sticky":false,"template":"","format":"standard","meta":{"_seopress_robots_primary_cat":"none","_seopress_titles_title":"Festival DDAY: una cita ineludible en junio","_seopress_titles_desc":"Animaciones hist\u00f3ricas durante el DDAY Festival Normandy: desfiles militares, fuegos artificiales, exposiciones, conciertos \u00a1e incluso paracaidismo!","_seopress_robots_index":"","_et_pb_use_builder":"on","_et_pb_old_content":"","_et_gb_content_width":"","footnotes":""},"categories":[75],"tags":[101,103,104],"class_list":["post-5522","post","type-post","status-publish","format-standard","has-post-thumbnail","hentry","category-visita-e-historia","tag-dday-es","tag-omaha-es","tag-utah-es"],"_links":{"self":[{"href":"https:\/\/www.campinglabaiedesveys.com\/es\/wp-json\/wp\/v2\/posts\/5522","targetHints":{"allow":["GET"]}}],"collection":[{"href":"https:\/\/www.campinglabaiedesveys.com\/es\/wp-json\/wp\/v2\/posts"}],"about":[{"href":"https:\/\/www.campinglabaiedesveys.com\/es\/wp-json\/wp\/v2\/types\/post"}],"author":[{"embeddable":true,"href":"https:\/\/www.campinglabaiedesveys.com\/es\/wp-json\/wp\/v2\/users\/3"}],"replies":[{"embeddable":true,"href":"https:\/\/www.campinglabaiedesveys.com\/es\/wp-json\/wp\/v2\/comments?post=5522"}],"version-history":[{"count":13,"href":"https:\/\/www.campinglabaiedesveys.com\/es\/wp-json\/wp\/v2\/posts\/5522\/revisions"}],"predecessor-version":[{"id":6520,"href":"https:\/\/www.campinglabaiedesveys.com\/es\/wp-json\/wp\/v2\/posts\/5522\/revisions\/6520"}],"wp:featuredmedia":[{"embeddable":true,"href":"https:\/\/www.campinglabaiedesveys.com\/es\/wp-json\/wp\/v2\/media\/5510"}],"wp:attachment":[{"href":"https:\/\/www.campinglabaiedesveys.com\/es\/wp-json\/wp\/v2\/media?parent=5522"}],"wp:term":[{"taxonomy":"category","embeddable":true,"href":"https:\/\/www.campinglabaiedesveys.com\/es\/wp-json\/wp\/v2\/categories?post=5522"},{"taxonomy":"post_tag","embeddable":true,"href":"https:\/\/www.campinglabaiedesveys.com\/es\/wp-json\/wp\/v2\/tags?post=5522"}],"curies":[{"name":"wp","href":"https:\/\/api.w.org\/{rel}","templated":true}]}}