{"id":6386,"date":"2024-04-12T10:23:31","date_gmt":"2024-04-12T08:23:31","guid":{"rendered":"https:\/\/www.campinglabaiedesveys.com\/alquiler-de-bicicletas-un-nuevo-servicio-en-el-camping\/"},"modified":"2024-06-10T09:52:27","modified_gmt":"2024-06-10T07:52:27","slug":"alquiler-de-bicicletas-un-nuevo-servicio-en-el-camping","status":"publish","type":"post","link":"https:\/\/www.campinglabaiedesveys.com\/es\/alquiler-de-bicicletas-un-nuevo-servicio-en-el-camping\/","title":{"rendered":"Alquiler de bicicletas: \u00a1un nuevo servicio en el camping!"},"content":{"rendered":"<p>[et_pb_section fb_built=\u00bb1&#8243; _builder_version=\u00bb4.20.2&#8243; _module_preset=\u00bbdefault\u00bb global_colors_info=\u00bb{}\u00bb][et_pb_row _builder_version=\u00bb4.21.0&#8243; _module_preset=\u00bbdefault\u00bb global_colors_info=\u00bb{}\u00bb][et_pb_column type=\u00bb4_4&#8243; _builder_version=\u00bb4.21.0&#8243; _module_preset=\u00bbdefault\u00bb global_colors_info=\u00bb{}\u00bb][et_pb_text _builder_version=\u00bb4.21.0&#8243; _module_preset=\u00bbdefault\u00bb global_colors_info=\u00bb{}\u00bb]<\/p>\n<p>Bienvenido al Camping La Baie des Veys, un remanso de paz enclavado en el coraz\u00f3n de la naturaleza virgen de Normand\u00eda. Creemos firmemente que explorar la belleza natural que nos rodea debe ser accesible a todo el mundo. Por eso estamos encantados de presentarte a nuestro nuevo socio, Loc &amp; CO, con sede en Carentan, que ofrece alquiler de bicicletas directamente en el camping. \u00a1Prep\u00e1rate para descubrir las maravillas del Parc Naturel R\u00e9gional des Marais du Cotentin et du Bessin de una forma totalmente nueva y refrescante!<\/p>\n<p>[\/et_pb_text][\/et_pb_column][\/et_pb_row][et_pb_row _builder_version=\u00bb4.21.0&#8243; _module_preset=\u00bbdefault\u00bb global_colors_info=\u00bb{}\u00bb][et_pb_column type=\u00bb4_4&#8243; _builder_version=\u00bb4.21.0&#8243; _module_preset=\u00bbdefault\u00bb global_colors_info=\u00bb{}\u00bb][et_pb_text _builder_version=\u00bb4.24.3&#8243; _module_preset=\u00bbdefault\u00bb text_font=\u00bb||||||||\u00bb hover_enabled=\u00bb0&#8243; global_colors_info=\u00bb{}\u00bb sticky_enabled=\u00bb0&#8243;]<\/p>\n<h2>Descubre Loc &amp; CO<\/h2>\n<p>[\/et_pb_text][et_pb_text _builder_version=\u00bb4.21.0&#8243; _module_preset=\u00bbdefault\u00bb global_colors_info=\u00bb{}\u00bb]<\/p>\n<p>Loc &amp; CO es mucho m\u00e1s que una empresa de alquiler de bicicletas. Con una amplia gama de bicicletas, desde bicicletas de monta\u00f1a a bicicletas el\u00e9ctricas, pretenden satisfacer todas las necesidades y niveles de habilidad. Su apasionado equipo se dedica a prestar un servicio excepcional, ofreciendo asesoramiento experto sobre rutas y equipamiento, garantizando la mejor experiencia ciclista posible a todos nuestros visitantes.<\/p>\n<p>[\/et_pb_text][\/et_pb_column][\/et_pb_row][et_pb_row column_structure=\u00bb1_2,1_2&#8243; _builder_version=\u00bb4.21.0&#8243; _module_preset=\u00bbdefault\u00bb global_colors_info=\u00bb{}\u00bb][et_pb_column type=\u00bb1_2&#8243; _builder_version=\u00bb4.21.0&#8243; _module_preset=\u00bbdefault\u00bb global_colors_info=\u00bb{}\u00bb][et_pb_image src=\u00bbhttps:\/\/www.campinglabaiedesveys.com\/wp-content\/uploads\/2024\/04\/balade-bord-baie.jpg\u00bb alt=\u00bbBicicletas el\u00e9ctricas en el campo &#8211; Parc Naturel R\u00e9gional des Marais du Cotentin et du Bessin\u00bb title_text=\u00bbPedalea por la aventura: \u00a1Descubre la libertad con nuestras bicis el\u00e9ctricas!\u00bb _builder_version=\u00bb4.24.3&#8243; _module_preset=\u00bbdefault\u00bb hover_enabled=\u00bb0&#8243; global_colors_info=\u00bb{}\u00bb sticky_enabled=\u00bb0&#8243;][\/et_pb_image][\/et_pb_column][et_pb_column type=\u00bb1_2&#8243; _builder_version=\u00bb4.21.0&#8243; _module_preset=\u00bbdefault\u00bb global_colors_info=\u00bb{}\u00bb][et_pb_image src=\u00bbhttps:\/\/www.campinglabaiedesveys.com\/wp-content\/uploads\/2024\/04\/loco-carentan.jpg\u00bb alt=\u00bbCiclismo en la Bah\u00eda de Veys &#8211; Paisajes marinos y horizontes infinitos\u00bb title_text=\u00bbLa Baie des Veys: \u00a1Pedalea hacia horizontes infinitos!\u00bb _builder_version=\u00bb4.24.3&#8243; _module_preset=\u00bbdefault\u00bb hover_enabled=\u00bb0&#8243; global_colors_info=\u00bb{}\u00bb sticky_enabled=\u00bb0&#8243;][\/et_pb_image][\/et_pb_column][\/et_pb_row][et_pb_row _builder_version=\u00bb4.21.0&#8243; _module_preset=\u00bbdefault\u00bb global_colors_info=\u00bb{}\u00bb][et_pb_column type=\u00bb4_4&#8243; _builder_version=\u00bb4.21.0&#8243; _module_preset=\u00bbdefault\u00bb global_colors_info=\u00bb{}\u00bb][et_pb_text _builder_version=\u00bb4.24.3&#8243; _module_preset=\u00bbdefault\u00bb text_font=\u00bb||||||||\u00bb hover_enabled=\u00bb0&#8243; global_colors_info=\u00bb{}\u00bb sticky_enabled=\u00bb0&#8243;]<\/p>\n<h2>Explora las marismas en bicicleta<\/h2>\n<p>[\/et_pb_text][et_pb_text _builder_version=\u00bb4.24.3&#8243; _module_preset=\u00bbdefault\u00bb hover_enabled=\u00bb0&#8243; global_colors_info=\u00bb{}\u00bb sticky_enabled=\u00bb0&#8243;]<\/p>\n<p>El Parc Naturel R\u00e9gional des Marais du Cotentin et du Bessin est\u00e1 lleno de paisajes espectaculares y tesoros naturales por descubrir. \u00bfY qu\u00e9 mejor forma de explorarlos que en bicicleta? Mientras pedaleas por los sinuosos senderos y tranquilos caminos, podr\u00e1s sumergirte de lleno en la belleza de la regi\u00f3n, observando la flora y fauna \u00fanicas que habitan estas marismas v\u00edrgenes.<\/p>\n<p>[\/et_pb_text][\/et_pb_column][\/et_pb_row][et_pb_row column_structure=\u00bb1_3,1_3,1_3&#8243; admin_label=\u00bbProceso Fila\u00bb _builder_version=\u00bb4.20.4&#8243; background_color=\u00bb#ffffff\u00bb background_pattern_horizontal_offset=\u00bb-34%\u00bb background_enable_mask_style=\u00bbon\u00bb background_mask_style=\u00bbellipse\u00bb background_mask_color=\u00bbRGBA(255,255,255,0)\u00bb background_mask_size=\u00bbcover\u00bb animation_style=\u00bbbounce\u00bb global_module=\u00bb635&#8243; saved_tabs=\u00bball\u00bb global_colors_info=\u00bb{}\u00bb][et_pb_column type=\u00bb1_3&#8243; _builder_version=\u00bb4.19.4&#8243; custom_padding=\u00bb|||\u00bb global_colors_info=\u00bb{}\u00bb custom_padding__hover=\u00bb|||\u00bb][et_pb_blurb title=\u00bbBuscar en\u00bb url=\u00bbhttps:\/\/www.campinglabaiedesveys.com\/es\/alojamiento\/\u00bb image=\u00bbhttps:\/\/www.campinglabaiedesveys.com\/wp-content\/uploads\/2022\/10\/1.gif\u00bb alt=\u00bb1&#8243; image_icon_width=\u00bb38px\u00bb admin_label=\u00bbProcess\u00bb _builder_version=\u00bb4.19.2&#8243; header_font=\u00bbMuli|700|||||||\u00bb header_text_align=\u00bbcenter\u00bb header_font_size=\u00bb20px\u00bb header_line_height=\u00bb1.4em\u00bb body_font=\u00bbMuli|600|||||||\u00bb body_text_align=\u00bbcenter\u00bb body_font_size=\u00bb16px\u00bb body_line_height=\u00bb1.8em\u00bb link_option_url=\u00bbhttps:\/\/www.campinglabaiedesveys.com\/es\/alojamiento\/\u00bb border_width_all_image=\u00bb4px\u00bb border_color_all_image=\u00bb#6fbebd\u00bb image_max_width=\u00bb38px\u00bb global_colors_info=\u00bb{}\u00bb]<\/p>\n<p>Mobil-home, alojamiento ins\u00f3lito, casa rural: elija el lugar ideal para su estancia<\/p>\n<p>[\/et_pb_blurb][\/et_pb_column][et_pb_column type=\u00bb1_3&#8243; _builder_version=\u00bb4.16&#8243; custom_padding=\u00bb|||\u00bb global_colors_info=\u00bb{}\u00bb custom_padding__hover=\u00bb|||\u00bb][et_pb_blurb title=\u00bbPrepare\u00bb url=\u00bbhttps:\/\/www.campinglabaiedesveys.com\/es\/salidas\/visitas-e-historia\/\u00bb image=\u00bbhttps:\/\/www.campinglabaiedesveys.com\/wp-content\/uploads\/2022\/10\/2.gif\u00bb alt=\u00bb2&#8243; image_icon_width=\u00bb38px\u00bb admin_label=\u00bbProcess\u00bb _builder_version=\u00bb4.19.2&#8243; header_font=\u00bbMuli|700|||||||\u00bb header_text_align=\u00bbcenter\u00bb header_font_size=\u00bb20px\u00bb header_line_height=\u00bb1.4em\u00bb body_font=\u00bbMuli|600|||||||\u00bb body_text_align=\u00bbcenter\u00bb body_font_size=\u00bb16px\u00bb body_line_height=\u00bb1.8em\u00bb link_option_url=\u00bbhttps:\/\/www.campinglabaiedesveys.com\/es\/salidas\/visitas-e-historia\/\u00bb border_width_all_image=\u00bb4px\u00bb border_color_all_image=\u00bb#6fbebd\u00bb image_max_width=\u00bb38px\u00bb global_colors_info=\u00bb{}\u00bb]<\/p>\n<p>Reserva natural, playas del desembarco del D\u00eda D, museo&#8230; planifique sus vacaciones<\/p>\n<p>[\/et_pb_blurb][\/et_pb_column][et_pb_column type=\u00bb1_3&#8243; _builder_version=\u00bb4.16&#8243; custom_padding=\u00bb|||\u00bb global_colors_info=\u00bb{}\u00bb custom_padding__hover=\u00bb|||\u00bb][et_pb_blurb title=\u00bbReserve\u00bb url=\u00bbhttps:\/\/www.campinglabaiedesveys.com\/es\/reserve\/\u00bb image=\u00bbhttps:\/\/www.campinglabaiedesveys.com\/wp-content\/uploads\/2022\/10\/3.gif\u00bb alt=\u00bb3&#8243; image_icon_width=\u00bb38px\u00bb admin_label=\u00bbProcess\u00bb _builder_version=\u00bb4.19.2&#8243; header_font=\u00bbMuli|700|||||||\u00bb header_text_align=\u00bbcenter\u00bb header_font_size=\u00bb20px\u00bb header_line_height=\u00bb1.4em\u00bb body_font=\u00bbMuli|600|||||||\u00bb body_text_align=\u00bbcenter\u00bb body_font_size=\u00bb16px\u00bb body_line_height=\u00bb1.8em\u00bb link_option_url=\u00bbhttps:\/\/www.campinglabaiedesveys.com\/es\/reserve\/\u00bb border_width_all_image=\u00bb4px\u00bb border_color_all_image=\u00bb#6fbebd\u00bb image_max_width=\u00bb38px\u00bb global_colors_info=\u00bb{}\u00bb]<\/p>\n<p>En unos pocos clics, seleccione su estancia y \u00a1a disfrutar!<\/p>\n<p>[\/et_pb_blurb][\/et_pb_column][\/et_pb_row][et_pb_row _builder_version=\u00bb4.21.0&#8243; _module_preset=\u00bbdefault\u00bb global_colors_info=\u00bb{}\u00bb][et_pb_column type=\u00bb4_4&#8243; _builder_version=\u00bb4.21.0&#8243; _module_preset=\u00bbdefault\u00bb global_colors_info=\u00bb{}\u00bb][et_pb_text _builder_version=\u00bb4.24.3&#8243; _module_preset=\u00bbdefault\u00bb text_font=\u00bb||||||||\u00bb hover_enabled=\u00bb0&#8243; global_colors_info=\u00bb{}\u00bb sticky_enabled=\u00bb0&#8243;]<\/p>\n<h2>Ideas para paseos en bici<\/h2>\n<p>[\/et_pb_text][et_pb_text _builder_version=\u00bb4.21.0&#8243; _module_preset=\u00bbdefault\u00bb global_colors_info=\u00bb{}\u00bb]<\/p>\n<ul>\n<li><strong>La Boucle des Marais<\/strong>: Este pintoresco bucle te lleva a trav\u00e9s de las marismas, ofreciendo impresionantes vistas panor\u00e1micas y la oportunidad de avistar aves migratorias.<\/li>\n<li><strong>La Voie Verte<\/strong>: Pedalea por esta antigua l\u00ednea de ferrocarril restaurada, que ofrece una ruta llana ideal para familias y ciclistas de todos los niveles.<\/li>\n<li>Las Playas del D\u00eda <strong>D<\/strong>: Explora la turbulenta historia de la Segunda Guerra Mundial mientras conduces por las carreteras costeras que llevan a las famosas Playas del D\u00eda D, un viaje emotivo y que invita a la reflexi\u00f3n.<\/li>\n<\/ul>\n<p>[\/et_pb_text][\/et_pb_column][\/et_pb_row][et_pb_row _builder_version=\u00bb4.21.0&#8243; _module_preset=\u00bbdefault\u00bb global_colors_info=\u00bb{}\u00bb][et_pb_column type=\u00bb4_4&#8243; _builder_version=\u00bb4.21.0&#8243; _module_preset=\u00bbdefault\u00bb global_colors_info=\u00bb{}\u00bb][et_pb_image src=\u00bbhttps:\/\/www.campinglabaiedesveys.com\/wp-content\/uploads\/2024\/04\/9locco.jpg\u00bb alt=\u00bbUn descanso con vistas al Canal de la Mancha tras un paseo en bici &#8211; Loc &amp; CO\u00bb title_text=\u00bbPausa contemplativa: Reflexionando sobre el Canal tras un paseo en bici con Loc &amp; CO\u00bb _builder_version=\u00bb4.24.3&#8243; _module_preset=\u00bbdefault\u00bb hover_enabled=\u00bb0&#8243; global_colors_info=\u00bb{}\u00bb sticky_enabled=\u00bb0&#8243;][\/et_pb_image][\/et_pb_column][\/et_pb_row][et_pb_row _builder_version=\u00bb4.21.0&#8243; _module_preset=\u00bbdefault\u00bb global_colors_info=\u00bb{}\u00bb][et_pb_column type=\u00bb4_4&#8243; _builder_version=\u00bb4.21.0&#8243; _module_preset=\u00bbdefault\u00bb global_colors_info=\u00bb{}\u00bb][et_pb_text _builder_version=\u00bb4.24.3&#8243; _module_preset=\u00bbdefault\u00bb text_font=\u00bb||||||||\u00bb hover_enabled=\u00bb0&#8243; global_colors_info=\u00bb{}\u00bb sticky_enabled=\u00bb0&#8243;]<\/p>\n<h2>\u00a1Tus bicis se entregan en el camping!<\/h2>\n<p>[\/et_pb_text][et_pb_text _builder_version=\u00bb4.24.3&#8243; _module_preset=\u00bbdefault\u00bb hover_enabled=\u00bb0&#8243; global_colors_info=\u00bb{}\u00bb sticky_enabled=\u00bb0&#8243;]<\/p>\n<div class=\"group w-full text-gray-800 dark:text-gray-100 border-b border-black\/10 dark:border-gray-900\/50 bg-gray-50 dark:bg-[#444654]\">\n<div class=\"flex p-4 gap-4 text-base md:gap-6 md:max-w-2xl lg:max-w-[38rem] xl:max-w-3xl md:py-6 lg:px-0 m-auto\">\n<div class=\"relative flex w-[calc(100%-50px)] flex-col gap-1 md:gap-3 lg:w-[calc(100%-115px)]\">\n<div class=\"flex flex-grow flex-col gap-3\">\n<div class=\"min-h-[20px] flex flex-col items-start gap-4 whitespace-pre-wrap break-words\">\n<div class=\"markdown prose w-full break-words dark:prose-invert dark\">\n<p>En el Camping La Baie des Veys, estamos encantados de poder ofrecer a nuestros visitantes una nueva y emocionante forma de explorar nuestra hermosa regi\u00f3n a trav\u00e9s de nuestra asociaci\u00f3n con <a href=\"https:\/\/loc-co-carentan.lokki.rent\/\"><br \/>\n  <strong>Loc &amp; CO<\/strong><br \/>\n<\/a>. Tanto si eres un ciclista experimentado como si s\u00f3lo buscas una tranquila aventura en familia, estamos convencidos de que el Parc Naturel R\u00e9gional des <a href=\"https:\/\/parc-cotentin-bessin.fr\/\"><br \/>\n  <strong>Marais du Cotentin et du Bessin<\/strong><br \/>\n<\/a> no dejar\u00e1 de sorprenderte. As\u00ed que prep\u00e1rate para subirte a la bici y salir a descubrir estos encantadores paisajes que te est\u00e1n esperando.<\/p>\n<\/p>\n<\/p><\/div>\n<\/p><\/div>\n<\/p><\/div>\n<\/p><\/div>\n<\/p><\/div>\n<\/p><\/div>\n<p>[\/et_pb_text][et_pb_image src=\u00bbhttps:\/\/www.campinglabaiedesveys.com\/wp-content\/uploads\/2023\/01\/mobilhome-classique-28m2-terrasse-soleil.gif\u00bb alt=\u00bbmobilhome classique 28m2 terrasse soleil\u00bb title_text=\u00bbmobilhome classique 28m2 terrasse soleil\u00bb _builder_version=\u00bb4.24.3&#8243; _module_preset=\u00bbdefault\u00bb hover_enabled=\u00bb0&#8243; global_colors_info=\u00bb{}\u00bb sticky_enabled=\u00bb0&#8243;][\/et_pb_image][\/et_pb_column][\/et_pb_row][et_pb_row _builder_version=\u00bb4.21.0&#8243; _module_preset=\u00bbdefault\u00bb global_colors_info=\u00bb{}\u00bb][et_pb_column type=\u00bb4_4&#8243; _builder_version=\u00bb4.21.0&#8243; _module_preset=\u00bbdefault\u00bb global_colors_info=\u00bb{}\u00bb][et_pb_cta title=\u00bb\u00bfQuieres saber m\u00e1s sobre el alquiler de bicicletas el\u00e9ctricas?\u00bb button_url=\u00bbhttps:\/\/loc-co-carentan.lokki.rent\/\u00bb button_text=\u00bbPulsa aqu\u00ed\u00bb _builder_version=\u00bb4.24.3&#8243; _module_preset=\u00bbdefault\u00bb background_color=\u00bb#b1c933&#8243; hover_enabled=\u00bb0&#8243; global_colors_info=\u00bb{}\u00bb sticky_enabled=\u00bb0&#8243;]<\/p>\n<p>Para conocer las tarifas y la disponibilidad de nuestros socios LOC &amp; CO&#8230;<\/p>\n<p>[\/et_pb_cta][\/et_pb_column][\/et_pb_row][et_pb_row admin_label=\u00bbEntradas de blog Fila\u00bb _builder_version=\u00bb4.19.4&#8243; global_colors_info=\u00bb{}\u00bb][et_pb_column type=\u00bb4_4&#8243; _builder_version=\u00bb4.19.4&#8243; custom_padding=\u00bb|||\u00bb global_colors_info=\u00bb{}\u00bb custom_padding__hover=\u00bb|||\u00bb][et_pb_blog fullwidth=\u00bboff\u00bb posts_number=\u00bb5&#8243; use_manual_excerpt=\u00bboff\u00bb _builder_version=\u00bb4.19.4&#8243; header_level=\u00bbh4&#8243; header_font=\u00bbMuli|600|||||||\u00bb header_font_size=\u00bb18px\u00bb header_line_height=\u00bb1.4em\u00bb body_font=\u00bbMuli||||||||\u00bb body_font_size=\u00bb16px\u00bb body_line_height=\u00bb1.8em\u00bb meta_font=\u00bbMuli|600|||||||\u00bb meta_text_color=\u00bbrgba(0,0,0,0.3)\u00bb meta_font_size=\u00bb14px\u00bb pagination_font=\u00bbMuli|700|||||||\u00bb pagination_text_color=\u00bb#f4583f\u00bb border_width_all=\u00bb0px\u00bb global_colors_info=\u00bb{}\u00bb][\/et_pb_blog][\/et_pb_column][\/et_pb_row][\/et_pb_section]<\/p>\n","protected":false},"excerpt":{"rendered":"<p>Bienvenido al Camping La Baie des Veys, un remanso de paz enclavado en el coraz\u00f3n de la naturaleza virgen de Normand\u00eda. Creemos firmemente que explorar la belleza natural que nos rodea debe ser accesible a todo el mundo. Por eso estamos encantados de presentarte a nuestro nuevo socio, Loc &amp; CO, con sede en Carentan, [&hellip;]<\/p>\n","protected":false},"author":3,"featured_media":6257,"comment_status":"closed","ping_status":"closed","sticky":false,"template":"","format":"standard","meta":{"_seopress_robots_primary_cat":"none","_seopress_titles_title":"","_seopress_titles_desc":"","_seopress_robots_index":"","_et_pb_use_builder":"on","_et_pb_old_content":"","_et_gb_content_width":"","footnotes":""},"categories":[70,69],"tags":[],"class_list":["post-6386","post","type-post","status-publish","format-standard","has-post-thumbnail","hentry","category-deporte","category-naturaleza"],"_links":{"self":[{"href":"https:\/\/www.campinglabaiedesveys.com\/es\/wp-json\/wp\/v2\/posts\/6386","targetHints":{"allow":["GET"]}}],"collection":[{"href":"https:\/\/www.campinglabaiedesveys.com\/es\/wp-json\/wp\/v2\/posts"}],"about":[{"href":"https:\/\/www.campinglabaiedesveys.com\/es\/wp-json\/wp\/v2\/types\/post"}],"author":[{"embeddable":true,"href":"https:\/\/www.campinglabaiedesveys.com\/es\/wp-json\/wp\/v2\/users\/3"}],"replies":[{"embeddable":true,"href":"https:\/\/www.campinglabaiedesveys.com\/es\/wp-json\/wp\/v2\/comments?post=6386"}],"version-history":[{"count":10,"href":"https:\/\/www.campinglabaiedesveys.com\/es\/wp-json\/wp\/v2\/posts\/6386\/revisions"}],"predecessor-version":[{"id":6436,"href":"https:\/\/www.campinglabaiedesveys.com\/es\/wp-json\/wp\/v2\/posts\/6386\/revisions\/6436"}],"wp:featuredmedia":[{"embeddable":true,"href":"https:\/\/www.campinglabaiedesveys.com\/es\/wp-json\/wp\/v2\/media\/6257"}],"wp:attachment":[{"href":"https:\/\/www.campinglabaiedesveys.com\/es\/wp-json\/wp\/v2\/media?parent=6386"}],"wp:term":[{"taxonomy":"category","embeddable":true,"href":"https:\/\/www.campinglabaiedesveys.com\/es\/wp-json\/wp\/v2\/categories?post=6386"},{"taxonomy":"post_tag","embeddable":true,"href":"https:\/\/www.campinglabaiedesveys.com\/es\/wp-json\/wp\/v2\/tags?post=6386"}],"curies":[{"name":"wp","href":"https:\/\/api.w.org\/{rel}","templated":true}]}}