{"id":6600,"date":"2024-05-27T11:28:29","date_gmt":"2024-05-27T09:28:29","guid":{"rendered":"https:\/\/www.campinglabaiedesveys.com\/descubre-los-eventos-de-junio-en-la-mancha-reserva-tu-estancia-en-el-camping-la-baie-des-veys\/"},"modified":"2024-06-10T09:53:23","modified_gmt":"2024-06-10T07:53:23","slug":"descubre-los-eventos-de-junio-en-la-mancha-reserva-tu-estancia-en-el-camping-la-baie-des-veys","status":"publish","type":"post","link":"https:\/\/www.campinglabaiedesveys.com\/es\/descubre-los-eventos-de-junio-en-la-mancha-reserva-tu-estancia-en-el-camping-la-baie-des-veys\/","title":{"rendered":"Descubre los Eventos de Junio en La Mancha : \u00a1Reserva tu estancia en el Camping \u00abLa Baie des Veys\u00bb!"},"content":{"rendered":"<p>[et_pb_section fb_built=\u00bb1&#8243; _builder_version=\u00bb4.20.2&#8243; _module_preset=\u00bbdefault\u00bb global_colors_info=\u00bb{}\u00bb][et_pb_row _builder_version=\u00bb4.21.0&#8243; _module_preset=\u00bbdefault\u00bb global_colors_info=\u00bb{}\u00bb][et_pb_column type=\u00bb4_4&#8243; _builder_version=\u00bb4.21.0&#8243; _module_preset=\u00bbdefault\u00bb global_colors_info=\u00bb{}\u00bb][et_pb_text _builder_version=\u00bb4.21.0&#8243; _module_preset=\u00bbdefault\u00bb global_colors_info=\u00bb{}\u00bb]<\/p>\n<p><span>Junio es un mes especialmente vibrante y animado en La Mancha, con multitud de actos culturales que har\u00e1n las delicias de grandes y peque\u00f1os. Si eres aficionado a la m\u00fasica, el teatro, la danza o las artes esc\u00e9nicas, seguro que encuentras lo que buscas entre los numerosos actos que se organizan en nuestra hermosa regi\u00f3n. \u00bfY qu\u00e9 mejor punto de partida para explorar estos acontecimientos que el camping \u00abLa Baie des Veys\u00bb? Idealmente situado para acceder f\u00e1cilmente a estas fiestas, nuestro camping te ofrece un entorno id\u00edlico y acogedor para que aproveches al m\u00e1ximo tu estancia. Consulta a continuaci\u00f3n los acontecimientos que no te puedes perder en junio y reserva ya tu parcela en el camping \u00abLa Baie des Veys\u00bb.<\/span><\/p>\n<p>[\/et_pb_text][\/et_pb_column][\/et_pb_row][et_pb_row _builder_version=\u00bb4.21.0&#8243; _module_preset=\u00bbdefault\u00bb global_colors_info=\u00bb{}\u00bb][et_pb_column type=\u00bb4_4&#8243; _builder_version=\u00bb4.21.0&#8243; _module_preset=\u00bbdefault\u00bb global_colors_info=\u00bb{}\u00bb][et_pb_text _builder_version=\u00bb4.25.1&#8243; _module_preset=\u00bbdefault\u00bb text_font=\u00bb||||||||\u00bb hover_enabled=\u00bb0&#8243; global_colors_info=\u00bb{}\u00bb sticky_enabled=\u00bb0&#8243;]<\/p>\n<h2><span>80 aniversario del D\u00eda D y de la Batalla de Normand\u00eda<\/span><\/h2>\n<p>[\/et_pb_text][et_pb_text _builder_version=\u00bb4.25.1&#8243; _module_preset=\u00bbdefault\u00bb hover_enabled=\u00bb0&#8243; global_colors_info=\u00bb{}\u00bb sticky_enabled=\u00bb0&#8243;]<\/p>\n<p><span>Con motivo del 80 aniversario del D\u00eda D y de la Batalla de Normand\u00eda, a lo largo de 2024 tendr\u00e1n lugar una serie de actos conmemorativos. Situado cerca de los lugares hist\u00f3ricos de Utah Beach y del famoso camping La Baie des Veys, el camping ofrece una oportunidad \u00fanica de vivir de cerca esta conmemoraci\u00f3n. Aprovecha tu estancia para participar en las fiestas, ceremonias, conciertos y lanzamientos de paraca\u00eddas que tendr\u00e1n lugar en esta regi\u00f3n cargada de historia. <strong><br \/>\n  <a href=\"https:\/\/www.campinglabaiedesveys.com\/es\/reserve\/\">A\u00fan quedan algunas parcelas disponibles<\/a><br \/>\n<\/strong> para acogerte durante este periodo excepcional. No te pierdas esta oportunidad de sumergirte en la historia mientras disfrutas de la comodidad y la amabilidad del camping. Reserva ahora y sum\u00e9rgete en el ambiente memorable de estas celebraciones hist\u00f3ricas.<\/span><\/p>\n<p>[\/et_pb_text][et_pb_button button_text=\u00bbVer el programa\u00bb _builder_version=\u00bb4.25.1&#8243; _module_preset=\u00bbdefault\u00bb button_url=\u00bbhttps:\/\/www.attitude-manche.fr\/debarquement\/80e\/\u00bb background_layout=\u00bbdark\u00bb hover_enabled=\u00bb0&#8243; sticky_enabled=\u00bb0&#8243;][\/et_pb_button][\/et_pb_column][\/et_pb_row][et_pb_row _builder_version=\u00bb4.21.0&#8243; _module_preset=\u00bbdefault\u00bb global_colors_info=\u00bb{}\u00bb][et_pb_column type=\u00bb4_4&#8243; _builder_version=\u00bb4.21.0&#8243; _module_preset=\u00bbdefault\u00bb global_colors_info=\u00bb{}\u00bb][et_pb_text _builder_version=\u00bb4.25.1&#8243; _module_preset=\u00bbdefault\u00bb text_font=\u00bb||||||||\u00bb global_colors_info=\u00bb{}\u00bb]<\/p>\n<h2>Conciertos y Festivales de M\u00fasica<\/h2>\n<p>[\/et_pb_text][et_pb_text _builder_version=\u00bb4.21.0&#8243; _module_preset=\u00bbdefault\u00bb global_colors_info=\u00bb{}\u00bb]<\/p>\n<p><strong>Fiesta<\/strong> de la M\u00fasica de <strong>Cherburgo (21-22 de junio de 2024<\/strong> ) Aprovecha la llegada del verano para participar en la Fiesta de la M\u00fasica de Cherburgo. Este acontecimiento gratuito tiene lugar en pleno centro de la ciudad y ofrece una variedad de conciertos para todos los gustos. Tanto si te gusta el rock, el jazz, el pop o la m\u00fasica cl\u00e1sica, encontrar\u00e1s algo que se adapte a tus o\u00eddos y pasar\u00e1s una velada memorable.<\/p>\n<p><strong>Les Art&#8217;Zimutes (26-29 de junio de 2024<\/strong> ) Este festival se celebra en la Plage Verte y ofrece un programa ecl\u00e9ctico que combina m\u00fasica, artes de calle y actuaciones en directo. Con sus numerosos escenarios y eventos, es la oportunidad perfecta para descubrir nuevos talentos y disfrutar del ambiente festivo de la regi\u00f3n.<\/p>\n<p>[\/et_pb_text][\/et_pb_column][\/et_pb_row][et_pb_row column_structure=\u00bb1_2,1_2&#8243; _builder_version=\u00bb4.21.0&#8243; _module_preset=\u00bbdefault\u00bb global_colors_info=\u00bb{}\u00bb][et_pb_column type=\u00bb1_2&#8243; _builder_version=\u00bb4.21.0&#8243; _module_preset=\u00bbdefault\u00bb global_colors_info=\u00bb{}\u00bb][et_pb_image src=\u00bbhttps:\/\/www.campinglabaiedesveys.com\/wp-content\/uploads\/2024\/05\/fete-musique-juin-2024.jpg\u00bb alt=\u00bbM\u00fasicos en el escenario y p\u00fablico entusiasta en la Fiesta de la M\u00fasica 2024 en Cherbourg-en-Cotentin\u00bb title_text=\u00bbFiesta de la M\u00fasica 2024 en Cherburgo-en-Cotentin: Una velada inolvidable\u00bb url=\u00bbhttps:\/\/www.encotentin.fr\/agenda\/fete-de-la-musique\/\u00bb _builder_version=\u00bb4.25.1&#8243; _module_preset=\u00bbdefault\u00bb global_colors_info=\u00bb{}\u00bb][\/et_pb_image][\/et_pb_column][et_pb_column type=\u00bb1_2&#8243; _builder_version=\u00bb4.21.0&#8243; _module_preset=\u00bbdefault\u00bb global_colors_info=\u00bb{}\u00bb][et_pb_image src=\u00bbhttps:\/\/www.campinglabaiedesveys.com\/wp-content\/uploads\/2024\/05\/festival-musique.jpg\u00bb alt=\u00bbEscenario del festival Les Art&apos;Zimutes 2024 de Cherburgo con artistas actuando ante un p\u00fablico entusiasta.\u00bb title_text=\u00bbArt&apos;Zimutes 2024: Un festival ecl\u00e9ctico en Cherburgo\u00bb url=\u00bbhttps:\/\/www.lesartzimutes.com\/\u00bb _builder_version=\u00bb4.25.1&#8243; _module_preset=\u00bbdefault\u00bb global_colors_info=\u00bb{}\u00bb][\/et_pb_image][\/et_pb_column][\/et_pb_row][et_pb_row column_structure=\u00bb1_2,1_2&#8243; _builder_version=\u00bb4.21.0&#8243; _module_preset=\u00bbdefault\u00bb global_colors_info=\u00bb{}\u00bb][et_pb_column type=\u00bb1_2&#8243; _builder_version=\u00bb4.21.0&#8243; _module_preset=\u00bbdefault\u00bb global_colors_info=\u00bb{}\u00bb][et_pb_text _builder_version=\u00bb4.25.1&#8243; _module_preset=\u00bbdefault\u00bb text_font=\u00bb||||||||\u00bb global_colors_info=\u00bb{}\u00bb]<\/p>\n<h2>Teatro y Artes Esc\u00e9nicas<\/h2>\n<p>[\/et_pb_text][et_pb_text _builder_version=\u00bb4.24.3&#8243; _module_preset=\u00bbdefault\u00bb global_colors_info=\u00bb{}\u00bb]<\/p>\n<p><strong>Teatro al aire libre en Coutances<\/strong><span> <br \/>Coutances, famosa por su <strong><br \/>\n  <a href=\"https:\/\/www.jazzsouslespommiers.com\/actualites_2024\/toute-la-programmation-2024\/\">Festival Jazz sous les Pommiers<\/a><br \/>\n<\/strong>Tambi\u00e9n acoge representaciones teatrales al aire libre durante todo el mes de junio. Ven a descubrir obras cl\u00e1sicas y contempor\u00e1neas en un marco encantador bajo el cielo estrellado de Normand\u00eda.<\/span><\/p>\n<p>&nbsp;<\/p>\n<p>[\/et_pb_text][\/et_pb_column][et_pb_column type=\u00bb1_2&#8243; _builder_version=\u00bb4.25.1&#8243; _module_preset=\u00bbdefault\u00bb global_colors_info=\u00bb{}\u00bb][et_pb_cta title=\u00bb\u00a1Coutances se mueve!\u00bb button_url=\u00bbhttps:\/\/www.tourisme-coutances.fr\/sortez-et-bougez\/agendas\/toutes-les-manifestations\/\u00bb button_text=\u00bbVer el calendario de actos\u00bb _builder_version=\u00bb4.25.1&#8243; _module_preset=\u00bbdefault\u00bb background_color=\u00bb#b1c933&#8243; global_colors_info=\u00bb{}\u00bb]<\/p>\n<p>Descubre los acontecimientos que tienen lugar en Coutances<\/p>\n<p>[\/et_pb_cta][\/et_pb_column][\/et_pb_row][et_pb_row column_structure=\u00bb1_3,1_3,1_3&#8243; admin_label=\u00bbProceso Fila\u00bb _builder_version=\u00bb4.20.4&#8243; background_color=\u00bb#ffffff\u00bb background_pattern_horizontal_offset=\u00bb-34%\u00bb background_enable_mask_style=\u00bbon\u00bb background_mask_style=\u00bbellipse\u00bb background_mask_color=\u00bbRGBA(255,255,255,0)\u00bb background_mask_size=\u00bbcover\u00bb animation_style=\u00bbbounce\u00bb global_module=\u00bb635&#8243; saved_tabs=\u00bball\u00bb global_colors_info=\u00bb{}\u00bb][et_pb_column type=\u00bb1_3&#8243; _builder_version=\u00bb4.19.4&#8243; custom_padding=\u00bb|||\u00bb global_colors_info=\u00bb{}\u00bb custom_padding__hover=\u00bb|||\u00bb][et_pb_blurb title=\u00bbBuscar en\u00bb url=\u00bbhttps:\/\/www.campinglabaiedesveys.com\/es\/alojamiento\/\u00bb image=\u00bbhttps:\/\/www.campinglabaiedesveys.com\/wp-content\/uploads\/2022\/10\/1.gif\u00bb alt=\u00bb1&#8243; image_icon_width=\u00bb38px\u00bb admin_label=\u00bbProcess\u00bb _builder_version=\u00bb4.19.2&#8243; header_font=\u00bbMuli|700|||||||\u00bb header_text_align=\u00bbcenter\u00bb header_font_size=\u00bb20px\u00bb header_line_height=\u00bb1.4em\u00bb body_font=\u00bbMuli|600|||||||\u00bb body_text_align=\u00bbcenter\u00bb body_font_size=\u00bb16px\u00bb body_line_height=\u00bb1.8em\u00bb link_option_url=\u00bbhttps:\/\/www.campinglabaiedesveys.com\/es\/alojamiento\/\u00bb border_width_all_image=\u00bb4px\u00bb border_color_all_image=\u00bb#6fbebd\u00bb image_max_width=\u00bb38px\u00bb global_colors_info=\u00bb{}\u00bb]<\/p>\n<p>Mobil-home, alojamiento ins\u00f3lito, casa rural: elija el lugar ideal para su estancia<\/p>\n<p>[\/et_pb_blurb][\/et_pb_column][et_pb_column type=\u00bb1_3&#8243; _builder_version=\u00bb4.16&#8243; custom_padding=\u00bb|||\u00bb global_colors_info=\u00bb{}\u00bb custom_padding__hover=\u00bb|||\u00bb][et_pb_blurb title=\u00bbPrepare\u00bb url=\u00bbhttps:\/\/www.campinglabaiedesveys.com\/es\/salidas\/visitas-e-historia\/\u00bb image=\u00bbhttps:\/\/www.campinglabaiedesveys.com\/wp-content\/uploads\/2022\/10\/2.gif\u00bb alt=\u00bb2&#8243; image_icon_width=\u00bb38px\u00bb admin_label=\u00bbProcess\u00bb _builder_version=\u00bb4.19.2&#8243; header_font=\u00bbMuli|700|||||||\u00bb header_text_align=\u00bbcenter\u00bb header_font_size=\u00bb20px\u00bb header_line_height=\u00bb1.4em\u00bb body_font=\u00bbMuli|600|||||||\u00bb body_text_align=\u00bbcenter\u00bb body_font_size=\u00bb16px\u00bb body_line_height=\u00bb1.8em\u00bb link_option_url=\u00bbhttps:\/\/www.campinglabaiedesveys.com\/es\/salidas\/visitas-e-historia\/\u00bb border_width_all_image=\u00bb4px\u00bb border_color_all_image=\u00bb#6fbebd\u00bb image_max_width=\u00bb38px\u00bb global_colors_info=\u00bb{}\u00bb]<\/p>\n<p>Reserva natural, playas del desembarco del D\u00eda D, museo&#8230; planifique sus vacaciones<\/p>\n<p>[\/et_pb_blurb][\/et_pb_column][et_pb_column type=\u00bb1_3&#8243; _builder_version=\u00bb4.16&#8243; custom_padding=\u00bb|||\u00bb global_colors_info=\u00bb{}\u00bb custom_padding__hover=\u00bb|||\u00bb][et_pb_blurb title=\u00bbReserve\u00bb url=\u00bbhttps:\/\/www.campinglabaiedesveys.com\/es\/reserve\/\u00bb image=\u00bbhttps:\/\/www.campinglabaiedesveys.com\/wp-content\/uploads\/2022\/10\/3.gif\u00bb alt=\u00bb3&#8243; image_icon_width=\u00bb38px\u00bb admin_label=\u00bbProcess\u00bb _builder_version=\u00bb4.19.2&#8243; header_font=\u00bbMuli|700|||||||\u00bb header_text_align=\u00bbcenter\u00bb header_font_size=\u00bb20px\u00bb header_line_height=\u00bb1.4em\u00bb body_font=\u00bbMuli|600|||||||\u00bb body_text_align=\u00bbcenter\u00bb body_font_size=\u00bb16px\u00bb body_line_height=\u00bb1.8em\u00bb link_option_url=\u00bbhttps:\/\/www.campinglabaiedesveys.com\/es\/reserve\/\u00bb border_width_all_image=\u00bb4px\u00bb border_color_all_image=\u00bb#6fbebd\u00bb image_max_width=\u00bb38px\u00bb global_colors_info=\u00bb{}\u00bb]<\/p>\n<p>En unos pocos clics, seleccione su estancia y \u00a1a disfrutar!<\/p>\n<p>[\/et_pb_blurb][\/et_pb_column][\/et_pb_row][et_pb_row _builder_version=\u00bb4.21.0&#8243; _module_preset=\u00bbdefault\u00bb global_colors_info=\u00bb{}\u00bb][et_pb_column type=\u00bb4_4&#8243; _builder_version=\u00bb4.21.0&#8243; _module_preset=\u00bbdefault\u00bb global_colors_info=\u00bb{}\u00bb][et_pb_text _builder_version=\u00bb4.25.1&#8243; _module_preset=\u00bbdefault\u00bb text_font=\u00bb||||||||\u00bb global_colors_info=\u00bb{}\u00bb]<\/p>\n<h2>Danza y Artes Esc\u00e9nicas<\/h2>\n<p>[\/et_pb_text][et_pb_text _builder_version=\u00bb4.25.1&#8243; _module_preset=\u00bbdefault\u00bb global_colors_info=\u00bb{}\u00bb]<\/p>\n<p><a href=\"https:\/\/www.tourisme-granville-terre-mer.com\/sejourner\/a-faire-sur-place\/agenda\/1-2-3-festival-de-danse-contemporaine-carolles-fr-4938619\/\"><strong>Festival de Danza de Granville<\/strong><\/a><span>  Granville, ciudad costera famosa por su encanto y sus playas, organiza cada a\u00f1o un festival de danza en el que participan compa\u00f1\u00edas locales e internacionales. Desde ballet cl\u00e1sico hasta danza contempor\u00e1nea y danzas del mundo, d\u00e9jate llevar por la magia de las representaciones.<\/span><\/p>\n<p>[\/et_pb_text][et_pb_button button_url=\u00bbhttps:\/\/www.tourisme-granville-terre-mer.com\/sejourner\/a-faire-sur-place\/agenda\/1-2-3-festival-de-danse-contemporaine-carolles-fr-4938619\/\u00bb button_text=\u00bbM\u00e1s informaci\u00f3n\u00bb _builder_version=\u00bb4.25.1&#8243; _module_preset=\u00bbdefault\u00bb background_layout=\u00bbdark\u00bb global_colors_info=\u00bb{}\u00bb][\/et_pb_button][\/et_pb_column][\/et_pb_row][et_pb_row _builder_version=\u00bb4.21.0&#8243; _module_preset=\u00bbdefault\u00bb global_colors_info=\u00bb{}\u00bb][et_pb_column type=\u00bb4_4&#8243; _builder_version=\u00bb4.21.0&#8243; _module_preset=\u00bbdefault\u00bb global_colors_info=\u00bb{}\u00bb][et_pb_image src=\u00bbhttps:\/\/www.campinglabaiedesveys.com\/wp-content\/uploads\/2024\/05\/festival-danse.jpg\u00bb alt=\u00bbEspect\u00e1culo de danza contempor\u00e1nea en el Festival 1,2,3&#8230; de Carolles 2024&#8243; title_text=\u00bbFestival 1,2,3&#8230; \u00e0 Carolles 2024 : Danza Contempor\u00e1nea e Interactividad\u00bb url=\u00bbhttps:\/\/www.tourisme-granville-terre-mer.com\/sejourner\/a-faire-sur-place\/agenda\/1-2-3-festival-de-danse-contemporaine-carolles-fr-4938619\/\u00bb _builder_version=\u00bb4.25.1&#8243; _module_preset=\u00bbdefault\u00bb global_colors_info=\u00bb{}\u00bb][\/et_pb_image][\/et_pb_column][\/et_pb_row][et_pb_row _builder_version=\u00bb4.21.0&#8243; _module_preset=\u00bbdefault\u00bb global_colors_info=\u00bb{}\u00bb][et_pb_column type=\u00bb4_4&#8243; _builder_version=\u00bb4.21.0&#8243; _module_preset=\u00bbdefault\u00bb global_colors_info=\u00bb{}\u00bb][et_pb_text _builder_version=\u00bb4.25.1&#8243; _module_preset=\u00bbdefault\u00bb text_font=\u00bb||||||||\u00bb link_option_url=\u00bbhttps:\/\/www.spectable.com\/avranches-50300\/petites-annonces\/programmation\/se-produire\/jeune-public\/n_2778-l_9895.php\u00bb global_colors_info=\u00bb{}\u00bb]<\/p>\n<h2>Actividades para j\u00f3venes y familias<\/h2>\n<p>[\/et_pb_text][et_pb_text _builder_version=\u00bb4.21.0&#8243; _module_preset=\u00bbdefault\u00bb global_colors_info=\u00bb{}\u00bb]<\/p>\n<p><strong>Espect\u00e1culos para J\u00f3venes en Avranches<\/strong><span> <br \/>Avranches ofrece una serie de espect\u00e1culos y talleres especialmente dise\u00f1ados para el p\u00fablico joven. Marionetas, cuentacuentos y espect\u00e1culos interactivos har\u00e1n las delicias de los ni\u00f1os y proporcionar\u00e1n a las familias momentos inolvidables de convivencia.<\/span><\/p>\n<p>[\/et_pb_text][\/et_pb_column][\/et_pb_row][et_pb_row _builder_version=\u00bb4.21.0&#8243; _module_preset=\u00bbdefault\u00bb global_colors_info=\u00bb{}\u00bb][et_pb_column type=\u00bb4_4&#8243; _builder_version=\u00bb4.21.0&#8243; _module_preset=\u00bbdefault\u00bb global_colors_info=\u00bb{}\u00bb][et_pb_text _builder_version=\u00bb4.25.1&#8243; _module_preset=\u00bbdefault\u00bb text_font=\u00bb||||||||\u00bb global_colors_info=\u00bb{}\u00bb]<\/p>\n<h2>Exposiciones y Arte Visual<\/h2>\n<p>[\/et_pb_text][et_pb_text _builder_version=\u00bb4.24.3&#8243; _module_preset=\u00bbdefault\u00bb global_colors_info=\u00bb{}\u00bb]<\/p>\n<div class=\"group w-full text-gray-800 dark:text-gray-100 border-b border-black\/10 dark:border-gray-900\/50 bg-gray-50 dark:bg-[#444654]\">\n<div class=\"flex p-4 gap-4 text-base md:gap-6 md:max-w-2xl lg:max-w-[38rem] xl:max-w-3xl md:py-6 lg:px-0 m-auto\">\n<div class=\"relative flex w-[calc(100%-50px)] flex-col gap-1 md:gap-3 lg:w-[calc(100%-115px)]\">\n<div class=\"flex flex-grow flex-col gap-3\">\n<div class=\"min-h-[20px] flex flex-col items-start gap-4 whitespace-pre-wrap break-words\">\n<div class=\"markdown prose w-full break-words dark:prose-invert dark\">\n<p><strong>Exposici\u00f3n de Arte Contempor\u00e1neo en Saint-L\u00f4<\/strong><span>  Saint-L\u00f4 acoge una exposici\u00f3n de arte contempor\u00e1neo en la que participan artistas regionales e internacionales. Se expondr\u00e1n pinturas, esculturas, instalaciones y fotograf\u00edas en los distintos espacios expositivos de la ciudad.<\/span><\/p>\n<p><span><\/span><\/p>\n<p><span><strong>Les Nuits<\/strong> des \u00c9glises Les Nuits des \u00c9glises, organizadas por toda La Mancha, ofrecen una oportunidad \u00fanica para descubrir el patrimonio arquitect\u00f3nico y art\u00edstico de la regi\u00f3n. Disfruta de visitas guiadas, conciertos y espect\u00e1culos en el majestuoso entorno de las iglesias locales.<\/span><\/p>\n<\/div>\n<\/div>\n<\/div>\n<\/div>\n<\/div>\n<\/div>\n<p>[\/et_pb_text][\/et_pb_column][\/et_pb_row][et_pb_row _builder_version=\u00bb4.25.1&#8243; _module_preset=\u00bbdefault\u00bb global_colors_info=\u00bb{}\u00bb][et_pb_column type=\u00bb4_4&#8243; _builder_version=\u00bb4.25.1&#8243; _module_preset=\u00bbdefault\u00bb global_colors_info=\u00bb{}\u00bb][et_pb_text _builder_version=\u00bb4.25.1&#8243; _module_preset=\u00bbdefault\u00bb global_colors_info=\u00bb{}\u00bb]<\/p>\n<h2>\u00bfPor qu\u00e9 elegir el Camping \u00abLa Baie des Veys\u00bb?<\/h2>\n<p>[\/et_pb_text][et_pb_image src=\u00bbhttps:\/\/www.campinglabaiedesveys.com\/wp-content\/uploads\/2023\/01\/mobilhome-classique-28m2-terrasse-soleil.gif\u00bb alt=\u00bbmobilhome classique 28m2 terrasse soleil\u00bb title_text=\u00bbmobilhome classique 28m2 terrasse soleil\u00bb _builder_version=\u00bb4.24.3&#8243; _module_preset=\u00bbdefault\u00bb global_colors_info=\u00bb{}\u00bb][\/et_pb_image][et_pb_text _builder_version=\u00bb4.25.1&#8243; _module_preset=\u00bbdefault\u00bb global_colors_info=\u00bb{}\u00bb]<\/p>\n<p><strong>Proximidad y<\/strong> comodidad El camping \u00abLa Baie des Veys\u00bb est\u00e1 <a href=\"https:\/\/www.campinglabaiedesveys.com\/es\/salidas\/actividades-en-la-naturaleza\/\"><br \/>\n  <strong>idealmente situado<\/strong><br \/>\n<\/a> para acceder f\u00e1cilmente a todos estos acontecimientos. As\u00ed podr\u00e1s disfrutar al m\u00e1ximo de las fiestas sin tener que recorrer grandes distancias. Nuestro camping ofrece un entorno natural excepcional, con parcelas amplias y bien equipadas para una estancia confortable.<\/p>\n<p><strong>Ambiente acog<\/strong> edor Nuestro camping es famoso por su ambiente acogedor y familiar. Aqu\u00ed encontrar\u00e1s todas las instalaciones que necesitas para una estancia agradable: <strong><br \/>\n  <a href=\"https:\/\/www.campinglabaiedesveys.com\/es\/la-zona-acuatica\/\">piscina<\/a><br \/>\n<\/strong> zona de juegos para ni\u00f1os, restaurante y animaci\u00f3n. Es el lugar perfecto para relajarse tras un d\u00eda rico en descubrimientos culturales.<\/p>\n<p><strong>Reservas f\u00e1ciles<\/strong> Reservar tu estancia con nosotros es muy sencillo. Visita nuestro sitio web o ponte en contacto con nosotros por tel\u00e9fono para elegir el lugar que m\u00e1s te convenga. Reservando ahora, puedes estar seguro de beneficiarte de las mejores ubicaciones y de tarifas atractivas.<\/p>\n<p>[\/et_pb_text][et_pb_button button_url=\u00bbhttps:\/\/www.campinglabaiedesveys.com\/es\/contacto-con-nosotros\/\u00bb button_text=\u00bbReserve ahora\u00bb _builder_version=\u00bb4.25.1&#8243; _module_preset=\u00bbdefault\u00bb background_layout=\u00bbdark\u00bb global_colors_info=\u00bb{}\u00bb][\/et_pb_button][et_pb_text _builder_version=\u00bb4.25.1&#8243; _module_preset=\u00bbdefault\u00bb global_colors_info=\u00bb{}\u00bb][\/et_pb_text][\/et_pb_column][\/et_pb_row][et_pb_row _builder_version=\u00bb4.25.1&#8243; _module_preset=\u00bbdefault\u00bb global_colors_info=\u00bb{}\u00bb][et_pb_column type=\u00bb4_4&#8243; _builder_version=\u00bb4.25.1&#8243; _module_preset=\u00bbdefault\u00bb global_colors_info=\u00bb{}\u00bb][et_pb_text _builder_version=\u00bb4.25.1&#8243; _module_preset=\u00bbdefault\u00bb global_colors_info=\u00bb{}\u00bb]<\/p>\n<p>Junio en La Mancha es un mes de diversidad cultural y festividades. Tanto si eres un amante de la m\u00fasica, un entusiasta del teatro, un aficionado a la danza o simplemente sientes curiosidad por las exposiciones de arte, seguro que encuentras un acto que se adapte a tus necesidades. El camping \u00abLa Baie des Veys\u00bb te acoge <strong><br \/>\n  <a href=\"https:\/\/www.campinglabaiedesveys.com\/es\/el-camping\/\">en un entorno id\u00edlico y acogedor<\/a><br \/>\n<\/strong>ideal para explorar la riqueza cultural de nuestra hermosa regi\u00f3n. No te demores: \u00a1reserva ya tu estancia para vivir una experiencia inolvidable!<\/p>\n<p>Para obtener m\u00e1s informaci\u00f3n sobre los actos y reservar tu plaza, visita nuestro sitio web o<strong><br \/>\n  <a href=\"https:\/\/www.campinglabaiedesveys.com\/es\/contacto-con-nosotros\/\"> contacta directamente con nosotros<\/a><br \/>\n<\/strong>. \u00a1Hasta pronto en el camping \u00abLa Baie des Veys\u00bb!<\/p>\n<p>[\/et_pb_text][\/et_pb_column][\/et_pb_row][et_pb_row _builder_version=\u00bb4.21.0&#8243; _module_preset=\u00bbdefault\u00bb global_colors_info=\u00bb{}\u00bb][et_pb_column type=\u00bb4_4&#8243; _builder_version=\u00bb4.21.0&#8243; _module_preset=\u00bbdefault\u00bb global_colors_info=\u00bb{}\u00bb][et_pb_cta title=\u00bb\u00bfQuieres saber m\u00e1s sobre nuestro camping?\u00bb button_url=\u00bb@ET-DC@eyJkeW5hbWljIjp0cnVlLCJjb250ZW50IjoicG9zdF9saW5rX3VybF9wYWdlIiwic2V0dGluZ3MiOnsicG9zdF9pZCI6IjE1In19@\u00bb button_text=\u00bbPulsa aqu\u00ed\u00bb _builder_version=\u00bb4.25.1&#8243; _dynamic_attributes=\u00bbbutton_url\u00bb _module_preset=\u00bbdefault\u00bb background_color=\u00bb#b1c933&#8243; global_colors_info=\u00bb{}\u00bb]<\/p>\n<p>Ir a la p\u00e1gina de presentaci\u00f3n<\/p>\n<p>[\/et_pb_cta][\/et_pb_column][\/et_pb_row][et_pb_row admin_label=\u00bbEntradas de blog Fila\u00bb _builder_version=\u00bb4.19.4&#8243; global_colors_info=\u00bb{}\u00bb][et_pb_column type=\u00bb4_4&#8243; _builder_version=\u00bb4.19.4&#8243; custom_padding=\u00bb|||\u00bb global_colors_info=\u00bb{}\u00bb custom_padding__hover=\u00bb|||\u00bb][et_pb_blog fullwidth=\u00bboff\u00bb posts_number=\u00bb5&#8243; use_manual_excerpt=\u00bboff\u00bb _builder_version=\u00bb4.19.4&#8243; header_level=\u00bbh4&#8243; header_font=\u00bbMuli|600|||||||\u00bb header_font_size=\u00bb18px\u00bb header_line_height=\u00bb1.4em\u00bb body_font=\u00bbMuli||||||||\u00bb body_font_size=\u00bb16px\u00bb body_line_height=\u00bb1.8em\u00bb meta_font=\u00bbMuli|600|||||||\u00bb meta_text_color=\u00bbrgba(0,0,0,0.3)\u00bb meta_font_size=\u00bb14px\u00bb pagination_font=\u00bbMuli|700|||||||\u00bb pagination_text_color=\u00bb#f4583f\u00bb border_width_all=\u00bb0px\u00bb global_colors_info=\u00bb{}\u00bb][\/et_pb_blog][\/et_pb_column][\/et_pb_row][\/et_pb_section]<\/p>\n","protected":false},"excerpt":{"rendered":"<p>Junio es un mes especialmente vibrante y animado en La Mancha, con multitud de actos culturales que har\u00e1n las delicias de grandes y peque\u00f1os. Si eres aficionado a la m\u00fasica, el teatro, la danza o las artes esc\u00e9nicas, seguro que encuentras lo que buscas entre los numerosos actos que se organizan en nuestra hermosa regi\u00f3n. [&hellip;]<\/p>\n","protected":false},"author":3,"featured_media":0,"comment_status":"closed","ping_status":"closed","sticky":false,"template":"","format":"standard","meta":{"_seopress_robots_primary_cat":"none","_seopress_titles_title":"Descubre los Eventos de Junio en La Mancha : \u00a1Reserva tu estancia en el Camping \"La Baie des Veys\"!","_seopress_titles_desc":"Explora los actos culturales cerca del Camping La Baie des Veys en junio de 2024. Descubre un rico programa de danza y m\u00fasica, con festivales y espect\u00e1culos para toda la familia en un entorno id\u00edlico.","_seopress_robots_index":"","_et_pb_use_builder":"on","_et_pb_old_content":"","_et_gb_content_width":"","footnotes":""},"categories":[75],"tags":[],"class_list":["post-6600","post","type-post","status-publish","format-standard","hentry","category-visita-e-historia"],"_links":{"self":[{"href":"https:\/\/www.campinglabaiedesveys.com\/es\/wp-json\/wp\/v2\/posts\/6600","targetHints":{"allow":["GET"]}}],"collection":[{"href":"https:\/\/www.campinglabaiedesveys.com\/es\/wp-json\/wp\/v2\/posts"}],"about":[{"href":"https:\/\/www.campinglabaiedesveys.com\/es\/wp-json\/wp\/v2\/types\/post"}],"author":[{"embeddable":true,"href":"https:\/\/www.campinglabaiedesveys.com\/es\/wp-json\/wp\/v2\/users\/3"}],"replies":[{"embeddable":true,"href":"https:\/\/www.campinglabaiedesveys.com\/es\/wp-json\/wp\/v2\/comments?post=6600"}],"version-history":[{"count":1,"href":"https:\/\/www.campinglabaiedesveys.com\/es\/wp-json\/wp\/v2\/posts\/6600\/revisions"}],"predecessor-version":[{"id":6606,"href":"https:\/\/www.campinglabaiedesveys.com\/es\/wp-json\/wp\/v2\/posts\/6600\/revisions\/6606"}],"wp:attachment":[{"href":"https:\/\/www.campinglabaiedesveys.com\/es\/wp-json\/wp\/v2\/media?parent=6600"}],"wp:term":[{"taxonomy":"category","embeddable":true,"href":"https:\/\/www.campinglabaiedesveys.com\/es\/wp-json\/wp\/v2\/categories?post=6600"},{"taxonomy":"post_tag","embeddable":true,"href":"https:\/\/www.campinglabaiedesveys.com\/es\/wp-json\/wp\/v2\/tags?post=6600"}],"curies":[{"name":"wp","href":"https:\/\/api.w.org\/{rel}","templated":true}]}}