{"id":8131,"date":"2026-09-02T11:34:37","date_gmt":"2026-09-02T09:34:37","guid":{"rendered":"https:\/\/www.campinglabaiedesveys.com\/?p=8131"},"modified":"2026-09-02T16:34:26","modified_gmt":"2026-09-02T14:34:26","slug":"las-mareas-vivas-de-septiembre-su-guia-para-la-pesca-desde-la-costa-en-sainte-marie-du-mont","status":"publish","type":"post","link":"https:\/\/www.campinglabaiedesveys.com\/es\/las-mareas-vivas-de-septiembre-su-guia-para-la-pesca-desde-la-costa-en-sainte-marie-du-mont\/","title":{"rendered":"Las mareas vivas de septiembre: Su gu\u00eda para la pesca desde la costa en Sainte-Marie-du-Mont"},"content":{"rendered":"<p>[et_pb_section fb_built=\u00bb1&#8243; _builder_version=\u00bb4.20.2&#8243; _module_preset=\u00bbdefault\u00bb da_disable_devices=\u00bboff|off|off\u00bb global_colors_info=\u00bb{}\u00bb da_is_popup=\u00bboff\u00bb da_exit_intent=\u00bboff\u00bb da_has_close=\u00bbon\u00bb da_alt_close=\u00bboff\u00bb da_dark_close=\u00bboff\u00bb da_not_modal=\u00bbon\u00bb da_is_singular=\u00bboff\u00bb da_with_loader=\u00bboff\u00bb da_has_shadow=\u00bbon\u00bb][et_pb_row _builder_version=\u00bb4.21.0&#8243; _module_preset=\u00bbdefault\u00bb global_colors_info=\u00bb{}\u00bb][et_pb_column type=\u00bb4_4&#8243; _builder_version=\u00bb4.21.0&#8243; _module_preset=\u00bbdefault\u00bb global_colors_info=\u00bb{}\u00bb][et_pb_text _builder_version=\u00bb4.27.5&#8243; _module_preset=\u00bbdefault\u00bb global_colors_info=\u00bb{}\u00bb]<\/p>\n<p><span style=\"font-weight: 400;\">Septiembre en Normand\u00eda es el mes para los entendidos. Es la \u00e9poca en que la naturaleza ofrece uno de sus espect\u00e1culos m\u00e1s impresionantes: el   <\/span><b>Mareas del equinoccio de primavera<\/b> <span style=\"font-weight: 400;\">.<\/span><\/p>\n<p><span style=\"font-weight: 400;\">Con coeficientes de marea que a menudo superan los 100, el mar retrocede a una distancia vertiginosa, revelando tesoros normalmente inaccesibles. Ubicado en la primera fila, el   <\/span><b>El camping La Baie des Veys<\/b> <span style=\"font-weight: 400;\">se convierte entonces en un para\u00edso para los pescadores de costa.<\/span><\/p>\n<p><span style=\"font-weight: 400;\">\u00bfTe mueres de ganas de ponerte las botas? Aqu\u00ed tienes todo lo que necesitas saber para llenar tu cesta (y tu est\u00f3mago) de forma segura. <\/span><\/p>\n<p>[\/et_pb_text][et_pb_image src=\u00bbhttps:\/\/www.campinglabaiedesveys.com\/wp-content\/uploads\/2026\/02\/palourde-baie-des-veys.jpg\u00bb alt=\u00bbDescubre el placer de encontrar almejas durante las mareas vivas de septiembre en la Bah\u00eda de Veys. Un tesoro singular para la recolecci\u00f3n responsable de mariscos cerca del Camping La Baie des Veys. \u00bb title_text=\u00bbAlmeja Equinox: Pesca exitosa desde la orilla en Veys Bay (Metadescripci\u00f3n)\u00bb align=\u00bbcenter\u00bb _builder_version=\u00bb4.27.5&#8243; _module_preset=\u00bbdefault\u00bb global_colors_info=\u00bb{}\u00bb][\/et_pb_image][et_pb_text _builder_version=\u00bb4.27.5&#8243; _module_preset=\u00bbdefault\u00bb global_colors_info=\u00bb{}\u00bb]<\/p>\n<h2><b>La bah\u00eda de Veys: un parque de diversiones XXL<\/b><\/h2>\n<p>[\/et_pb_text][et_pb_text _builder_version=\u00bb4.27.5&#8243; _module_preset=\u00bbdefault\u00bb global_colors_info=\u00bb{}\u00bb]<\/p>\n<p><span style=\"font-weight: 400;\">\u00bfPor qu\u00e9 es tan famosa nuestra bah\u00eda? Porque la amplitud de las mareas (la diferencia de altura entre la marea baja y la marea alta) es excepcional. Cuando el mar retrocede, deja al descubierto kil\u00f3metros de arena y marismas. \u00a1Es el granero de Normand\u00eda! Si cavas un poco en la arena, encontrar\u00e1s principalmente:    <\/span><\/p>\n<ul>\n<li style=\"font-weight: 400;\" aria-level=\"1\"><b>Berberechos:<\/b> <span style=\"font-weight: 400;\">La estrella de la bah\u00eda, deliciosos con un poco de nata y chalotas.<\/span><\/li>\n<li style=\"font-weight: 400;\" aria-level=\"1\"><b>Almejas:<\/b> <span style=\"font-weight: 400;\">Son m\u00e1s dif\u00edciles de encontrar, \u00a1pero merecen la pena!<\/span><\/li>\n<li style=\"font-weight: 400;\" aria-level=\"1\"><b>Ostras silvestres:<\/b> <span style=\"font-weight: 400;\">Suelen encontrarse adheridas a rocas expuestas.<\/span><\/li>\n<\/ul>\n<p>[\/et_pb_text][et_pb_text _builder_version=\u00bb4.27.5&#8243; _module_preset=\u00bbdefault\u00bb global_colors_info=\u00bb{}\u00bb]<\/p>\n<h2><b>Pesca responsable: respetamos la naturaleza.<\/b><\/h2>\n<p>[\/et_pb_text][\/et_pb_column][\/et_pb_row][et_pb_row column_structure=\u00bb1_2,1_2&#8243; _builder_version=\u00bb4.27.5&#8243; _module_preset=\u00bbdefault\u00bb global_colors_info=\u00bb{}\u00bb][et_pb_column type=\u00bb1_2&#8243; _builder_version=\u00bb4.27.5&#8243; _module_preset=\u00bbdefault\u00bb global_colors_info=\u00bb{}\u00bb][et_pb_image src=\u00bbhttps:\/\/www.campinglabaiedesveys.com\/wp-content\/uploads\/2026\/02\/enfant-plage.jpg\u00bb alt=\u00bbUn ni\u00f1o (de entre 5 y 7 a\u00f1os aproximadamente) est\u00e1 sentado en la fina arena de la playa de Utah, concentrado en construir un gran castillo de arena con un cubo y una pala, mientras un suave sol de junio ilumina la escena.\u00bb title_text=\u00bbni\u00f1o de la playa\u00bb _builder_version=\u00bb4.27.5&#8243; _module_preset=\u00bbdefault\u00bb global_colors_info=\u00bb{}\u00bb][\/et_pb_image][\/et_pb_column][et_pb_column type=\u00bb1_2&#8243; _builder_version=\u00bb4.27.5&#8243; _module_preset=\u00bbdefault\u00bb global_colors_info=\u00bb{}\u00bb][et_pb_text _builder_version=\u00bb4.27.5&#8243; _module_preset=\u00bbdefault\u00bb global_colors_info=\u00bb{}\u00bb]<\/p>\n<p><span style=\"font-weight: 400;\">La pesca desde la orilla es un placer gratuito, pero tambi\u00e9n conlleva responsabilidad. Para garantizar que nuestros hijos tambi\u00e9n puedan disfrutarla dentro de 20 a\u00f1os, hay algunas reglas sencillas que debemos seguir:   <\/span><\/p>\n<ul>\n<li style=\"font-weight: 400;\" aria-level=\"1\"><b>El tama\u00f1o importa:<\/b><span style=\"font-weight: 400;\">  \u00a1No cojas a los beb\u00e9s! En las oficinas de turismo suelen venderse cintas m\u00e9tricas. Si es demasiado peque\u00f1o, devu\u00e9lvelo al agua.  <\/span><\/li>\n<li style=\"font-weight: 400;\" aria-level=\"1\"><b>Cantidad:<\/b> <span style=\"font-weight: 400;\">Pesque solo lo que vaya a comer, no m\u00e1s (generalmente limitado a 5 kg por persona).<\/span><\/li>\n<li style=\"font-weight: 400;\" aria-level=\"1\"><b>Buena pr\u00e1ctica:<\/b> Si levantas una piedra para ver si hay un cangrejo debajo, <i><span style=\"font-weight: 400;\">siempre<\/span><\/i> <span style=\"font-weight: 400;\">vuelve a colocarla en su sitio.<\/span><span style=\"font-weight: 400;\">  en su posici\u00f3n inicial. Est\u00e1 protegida por una gran variedad de microfauna. <\/span><\/li>\n<\/ul>\n<p>[\/et_pb_text][\/et_pb_column][\/et_pb_row][et_pb_row _builder_version=\u00bb4.27.5&#8243; _module_preset=\u00bbdefault\u00bb global_colors_info=\u00bb{}\u00bb][et_pb_column type=\u00bb4_4&#8243; _builder_version=\u00bb4.27.5&#8243; _module_preset=\u00bbdefault\u00bb global_colors_info=\u00bb{}\u00bb][et_pb_text _builder_version=\u00bb4.27.5&#8243; _module_preset=\u00bbdefault\u00bb global_colors_info=\u00bb{}\u00bb]<\/p>\n<h2><b>Seguridad: \u00a1No te dejes atrapar!<\/b><\/h2>\n<p>[\/et_pb_text][\/et_pb_column][\/et_pb_row][et_pb_row column_structure=\u00bb1_2,1_2&#8243; _builder_version=\u00bb4.27.5&#8243; _module_preset=\u00bbdefault\u00bb global_colors_info=\u00bb{}\u00bb][et_pb_column type=\u00bb1_2&#8243; _builder_version=\u00bb4.27.5&#8243; _module_preset=\u00bbdefault\u00bb global_colors_info=\u00bb{}\u00bb][et_pb_team_member name=\u00bbLe conseil de Mich\u00e8le\u00bb image_url=\u00bbhttps:\/\/www.campinglabaiedesveys.com\/wp-content\/uploads\/2026\/09\/michele-conseil-peche-a-pied-manche.jpeg\u00bb _builder_version=\u00bb4.27.8&#8243; _module_preset=\u00bbdefault\u00bb hover_enabled=\u00bb0&#8243; global_colors_info=\u00bb{}\u00bb alt=\u00bbmichele conseil peche a pied manche\u00bb title_text=\u00bbmichele conseil peche a pied manche\u00bb sticky_enabled=\u00bb0&#8243;]<\/p>\n<p><span style=\"font-weight: 400;\">Siempre pase por recepci\u00f3n antes de irse. All\u00ed mostramos la   <\/span><span style=\"font-weight: 400;\">Podemos facilitarle los<\/span> <b>horarios de las mareas<\/b> del d\u00eda y mostrarle las zonas seguras.<\/p>\n<p>[\/et_pb_team_member][\/et_pb_column][et_pb_column type=\u00bb1_2&#8243; _builder_version=\u00bb4.27.5&#8243; _module_preset=\u00bbdefault\u00bb global_colors_info=\u00bb{}\u00bb][et_pb_text _builder_version=\u00bb4.27.5&#8243; _module_preset=\u00bbdefault\u00bb global_colors_info=\u00bb{}\u00bb]<\/p>\n<p><span style=\"font-weight: 400;\">La bah\u00eda de Veys es magn\u00edfica, pero puede ser traicionera. Aqu\u00ed dicen que el mar llega \u00aba la velocidad de un caballo al galope\u00bb (bueno, es una met\u00e1fora, \u00a1pero llega muy r\u00e1pido!). <\/span><\/p>\n<ul>\n<li style=\"font-weight: 400;\" aria-level=\"1\"><b>El momento crucial:<\/b> <span style=\"font-weight: 400;\">La pesca debe comenzar 1 hora y 30 minutos<\/span> <i><span style=\"font-weight: 400;\">antes<\/span><\/i><span style=\"font-weight: 400;\">  Hora de bajamar. Tan pronto como llegue la hora de bajamar, debes comenzar a regresar hacia la orilla. <\/span><\/li>\n<li style=\"font-weight: 400;\" aria-level=\"1\"><b>Condiciones meteorol\u00f3gicas:<\/b> <span style=\"font-weight: 400;\">Tenga cuidado con la niebla marina, que puede descender repentinamente y hacerle perder la orientaci\u00f3n.<\/span><span style=\"font-weight: 400;\"><\/span><\/li>\n<\/ul>\n<ul><\/ul>\n<p>[\/et_pb_text][\/et_pb_column][\/et_pb_row][et_pb_row column_structure=\u00bb1_2,1_2&#8243; _builder_version=\u00bb4.27.5&#8243; _module_preset=\u00bbdefault\u00bb global_colors_info=\u00bb{}\u00bb][et_pb_column type=\u00bb1_2&#8243; _builder_version=\u00bb4.27.5&#8243; _module_preset=\u00bbdefault\u00bb global_colors_info=\u00bb{}\u00bb][et_pb_image src=\u00bbhttps:\/\/www.campinglabaiedesveys.com\/wp-content\/uploads\/2023\/12\/cordelia-terrasse-couverte.jpg\u00bb alt=\u00bbTerraza cubierta de Cordelia\u00bb title_text=\u00bbTerraza cubierta de Cordelia\u00bb _builder_version=\u00bb4.27.5&#8243; _module_preset=\u00bbdefault\u00bb global_colors_info=\u00bb{}\u00bb][\/et_pb_image][\/et_pb_column][et_pb_column type=\u00bb1_2&#8243; _builder_version=\u00bb4.27.5&#8243; _module_preset=\u00bbdefault\u00bb global_colors_info=\u00bb{}\u00bb][et_pb_image src=\u00bbhttps:\/\/www.campinglabaiedesveys.com\/wp-content\/uploads\/2023\/01\/cottage-riviera-terrasse-manche-camping.gif\u00bb alt=\u00bbTerraza de caba\u00f1a Riviera, camping con mangas\u00bb title_text=\u00bbTerraza de caba\u00f1a Riviera, camping con mangas\u00bb _builder_version=\u00bb4.27.5&#8243; _module_preset=\u00bbdefault\u00bb global_colors_info=\u00bb{}\u00bb][\/et_pb_image][\/et_pb_column][\/et_pb_row][et_pb_row column_structure=\u00bb1_3,1_3,1_3&#8243; admin_label=\u00bbProceso Fila\u00bb _builder_version=\u00bb4.20.4&#8243; background_color=\u00bb#ffffff\u00bb background_pattern_horizontal_offset=\u00bb-34%\u00bb background_enable_mask_style=\u00bbon\u00bb background_mask_style=\u00bbellipse\u00bb background_mask_color=\u00bbRGBA(255,255,255,0)\u00bb background_mask_size=\u00bbcover\u00bb animation_style=\u00bbbounce\u00bb global_module=\u00bb635&#8243; saved_tabs=\u00bball\u00bb global_colors_info=\u00bb{}\u00bb][et_pb_column type=\u00bb1_3&#8243; _builder_version=\u00bb4.19.4&#8243; custom_padding=\u00bb|||\u00bb global_colors_info=\u00bb{}\u00bb custom_padding__hover=\u00bb|||\u00bb][et_pb_blurb title=\u00bbBuscar en\u00bb url=\u00bbhttps:\/\/www.campinglabaiedesveys.com\/es\/alojamiento\/\u00bb image=\u00bbhttps:\/\/www.campinglabaiedesveys.com\/wp-content\/uploads\/2022\/10\/1.gif\u00bb alt=\u00bb1&#8243; image_icon_width=\u00bb38px\u00bb admin_label=\u00bbProcess\u00bb _builder_version=\u00bb4.19.2&#8243; header_font=\u00bbMuli|700|||||||\u00bb header_text_align=\u00bbcenter\u00bb header_font_size=\u00bb20px\u00bb header_line_height=\u00bb1.4em\u00bb body_font=\u00bbMuli|600|||||||\u00bb body_text_align=\u00bbcenter\u00bb body_font_size=\u00bb16px\u00bb body_line_height=\u00bb1.8em\u00bb link_option_url=\u00bbhttps:\/\/www.campinglabaiedesveys.com\/es\/alojamiento\/\u00bb border_width_all_image=\u00bb4px\u00bb border_color_all_image=\u00bb#6fbebd\u00bb image_max_width=\u00bb38px\u00bb global_colors_info=\u00bb{}\u00bb]<\/p>\n<p>Mobil-home, alojamiento ins\u00f3lito, casa rural: elija el lugar ideal para su estancia<\/p>\n<p>[\/et_pb_blurb][\/et_pb_column][et_pb_column type=\u00bb1_3&#8243; _builder_version=\u00bb4.16&#8243; custom_padding=\u00bb|||\u00bb global_colors_info=\u00bb{}\u00bb custom_padding__hover=\u00bb|||\u00bb][et_pb_blurb title=\u00bbPrepare\u00bb url=\u00bbhttps:\/\/www.campinglabaiedesveys.com\/visites-et-histoire\/\u00bb image=\u00bbhttps:\/\/www.campinglabaiedesveys.com\/wp-content\/uploads\/2022\/10\/2.gif\u00bb alt=\u00bb2&#8243; image_icon_width=\u00bb38px\u00bb admin_label=\u00bbProcess\u00bb _builder_version=\u00bb4.19.2&#8243; header_font=\u00bbMuli|700|||||||\u00bb header_text_align=\u00bbcenter\u00bb header_font_size=\u00bb20px\u00bb header_line_height=\u00bb1.4em\u00bb body_font=\u00bbMuli|600|||||||\u00bb body_text_align=\u00bbcenter\u00bb body_font_size=\u00bb16px\u00bb body_line_height=\u00bb1.8em\u00bb link_option_url=\u00bbhttps:\/\/www.campinglabaiedesveys.com\/visites-et-histoire\/\u00bb border_width_all_image=\u00bb4px\u00bb border_color_all_image=\u00bb#6fbebd\u00bb image_max_width=\u00bb38px\u00bb global_colors_info=\u00bb{}\u00bb]<\/p>\n<p>Reserva natural, playas del desembarco, museo&#8230; prepara tus vacaciones<\/p>\n<p>[\/et_pb_blurb][\/et_pb_column][et_pb_column type=\u00bb1_3&#8243; _builder_version=\u00bb4.16&#8243; custom_padding=\u00bb|||\u00bb global_colors_info=\u00bb{}\u00bb custom_padding__hover=\u00bb|||\u00bb][et_pb_blurb title=\u00bbReserve\u00bb url=\u00bbhttps:\/\/www.campinglabaiedesveys.com\/es\/reserve\/\u00bb image=\u00bbhttps:\/\/www.campinglabaiedesveys.com\/wp-content\/uploads\/2022\/10\/3.gif\u00bb alt=\u00bb3&#8243; image_icon_width=\u00bb38px\u00bb admin_label=\u00bbProcess\u00bb _builder_version=\u00bb4.19.2&#8243; header_font=\u00bbMuli|700|||||||\u00bb header_text_align=\u00bbcenter\u00bb header_font_size=\u00bb20px\u00bb header_line_height=\u00bb1.4em\u00bb body_font=\u00bbMuli|600|||||||\u00bb body_text_align=\u00bbcenter\u00bb body_font_size=\u00bb16px\u00bb body_line_height=\u00bb1.8em\u00bb link_option_url=\u00bbhttps:\/\/www.campinglabaiedesveys.com\/es\/reserve\/\u00bb border_width_all_image=\u00bb4px\u00bb border_color_all_image=\u00bb#6fbebd\u00bb image_max_width=\u00bb38px\u00bb global_colors_info=\u00bb{}\u00bb]<\/p>\n<p>En unos pocos clics, seleccione su estancia y \u00a1a disfrutar!<\/p>\n<p>[\/et_pb_blurb][\/et_pb_column][\/et_pb_row][et_pb_row _builder_version=\u00bb4.27.5&#8243; _module_preset=\u00bbdefault\u00bb global_colors_info=\u00bb{}\u00bb][et_pb_column type=\u00bb4_4&#8243; _builder_version=\u00bb4.27.5&#8243; _module_preset=\u00bbdefault\u00bb global_colors_info=\u00bb{}\u00bb][et_pb_text _builder_version=\u00bb4.27.5&#8243; _module_preset=\u00bbdefault\u00bb global_colors_info=\u00bb{}\u00bb]<\/p>\n<h2><b>Equipo: Use buen calzado.<\/b><\/h2>\n<p>[\/et_pb_text][et_pb_text _builder_version=\u00bb4.27.5&#8243; _module_preset=\u00bbdefault\u00bb global_colors_info=\u00bb{}\u00bb]<\/p>\n<p><span style=\"font-weight: 400;\">\u00a1No hace falta invertir una fortuna! Aqu\u00ed tienes todo lo que necesitas para ser el pescador de orilla perfecto: <\/span><\/p>\n<ul>\n<li style=\"font-weight: 400;\" aria-level=\"1\"><span style=\"font-weight: 400;\">Un par de botas (o zapatillas viejas que aguanten cualquier cosa).<\/span><\/li>\n<li style=\"font-weight: 400;\" aria-level=\"1\"><span style=\"font-weight: 400;\">Un cubo.<\/span><\/li>\n<li style=\"font-weight: 400;\" aria-level=\"1\"><span style=\"font-weight: 400;\">Una garra peque\u00f1a o un rastrillo de mano (tenga en cuenta que algunas herramientas est\u00e1n prohibidas; pregunte en recepci\u00f3n).<\/span><\/li>\n<li style=\"font-weight: 400;\" aria-level=\"1\"><span style=\"font-weight: 400;\">Un impermeable (el viento puede ser fresco en alta mar).<\/span><\/li>\n<\/ul>\n<p><span style=\"font-weight: 400;\">\u00bfOlvidaste tu equipo? No te preocupes, encontrar\u00e1s lo esencial en las tiendas de Sainte-M\u00e8re-\u00c9glise o Carentan, a solo unos minutos del camping. <\/span><\/p>\n<p>[\/et_pb_text][\/et_pb_column][\/et_pb_row][et_pb_row _builder_version=\u00bb4.27.5&#8243; _module_preset=\u00bbdefault\u00bb global_colors_info=\u00bb{}\u00bb][et_pb_column type=\u00bb4_4&#8243; _builder_version=\u00bb4.27.5&#8243; _module_preset=\u00bbdefault\u00bb global_colors_info=\u00bb{}\u00bb][et_pb_text _builder_version=\u00bb4.27.5&#8243; _module_preset=\u00bbdefault\u00bb global_colors_info=\u00bb{}\u00bb]<\/p>\n<h2><b>Tras el esfuerzo, llega la recompensa.<\/b><\/h2>\n<p>[\/et_pb_text][et_pb_image src=\u00bbhttps:\/\/www.campinglabaiedesveys.com\/wp-content\/uploads\/2025\/06\/les-cidres-normands-contentin.jpg\u00bb alt=\u00bbUn vaso de sidra artesanal espumosa normanda acompa\u00f1ada de manzanas frescas del huerto.\u00bb title_text=\u00bbSidra de Normand\u00eda y manzanas locales\u00bb url=\u00bbhttps:\/\/www.campinglabaiedesveys.com\/es\/nuestros-servicios\/\u00bb _builder_version=\u00bb4.27.5&#8243; _module_preset=\u00bbdefault\u00bb global_colors_info=\u00bb{}\u00bb][\/et_pb_image][\/et_pb_column][\/et_pb_row][et_pb_row _builder_version=\u00bb4.27.5&#8243; _module_preset=\u00bbdefault\u00bb global_colors_info=\u00bb{}\u00bb][et_pb_column type=\u00bb4_4&#8243; _builder_version=\u00bb4.27.5&#8243; _module_preset=\u00bbdefault\u00bb global_colors_info=\u00bb{}\u00bb][et_pb_text _builder_version=\u00bb4.27.5&#8243; _module_preset=\u00bbdefault\u00bb global_colors_info=\u00bb{}\u00bb]<\/p>\n<p><span style=\"font-weight: 400;\">\u00a1Qu\u00e9 placer, despu\u00e9s de dos horas al aire fresco del mar, volver al camping! Disfrute de una agradable ducha caliente en nuestras instalaciones climatizadas para quitarse la sal y la arena. \u00bfY despu\u00e9s? Solo queda limpiar la pesca y cocinarla. Disfrutar de su propia pesca en la terraza de su casa m\u00f3vil con un vaso de sidra local&#8230; Ese es el verdadero sabor de unas vacaciones de septiembre.     <\/span><\/p>\n<p>[\/et_pb_text][\/et_pb_column][\/et_pb_row][et_pb_row column_structure=\u00bb1_2,1_2&#8243; _builder_version=\u00bb4.27.5&#8243; _module_preset=\u00bbdefault\u00bb link_option_url=\u00bbhttps:\/\/www.facebook.com\/Leclosdespiedsnus\u00bb global_colors_info=\u00bb{}\u00bb][et_pb_column type=\u00bb1_2&#8243; _builder_version=\u00bb4.27.5&#8243; _module_preset=\u00bbdefault\u00bb global_colors_info=\u00bb{}\u00bb][et_pb_image src=\u00bbhttps:\/\/www.campinglabaiedesveys.com\/wp-content\/uploads\/2026\/02\/plage-sable-pieds.jpg\u00bb alt=\u00bbpies de playa arenosa\u00bb title_text=\u00bbpies de playa arenosa\u00bb _builder_version=\u00bb4.27.5&#8243; _module_preset=\u00bbdefault\u00bb global_colors_info=\u00bb{}\u00bb][\/et_pb_image][\/et_pb_column][et_pb_column type=\u00bb1_2&#8243; _builder_version=\u00bb4.27.5&#8243; _module_preset=\u00bbdefault\u00bb global_colors_info=\u00bb{}\u00bb][et_pb_image src=\u00bbhttps:\/\/www.campinglabaiedesveys.com\/wp-content\/uploads\/2026\/02\/plage-normandie.jpg\u00bb alt=\u00bbplaya de Normand\u00eda\u00bb title_text=\u00bbplaya de Normand\u00eda\u00bb _builder_version=\u00bb4.27.5&#8243; _module_preset=\u00bbdefault\u00bb global_colors_info=\u00bb{}\u00bb][\/et_pb_image][\/et_pb_column][\/et_pb_row][et_pb_row _builder_version=\u00bb4.27.5&#8243; _module_preset=\u00bbdefault\u00bb global_colors_info=\u00bb{}\u00bb][et_pb_column type=\u00bb4_4&#8243; _builder_version=\u00bb4.27.5&#8243; _module_preset=\u00bbdefault\u00bb global_colors_info=\u00bb{}\u00bb][et_pb_cta title=\u00bb\u00bfQuieres experimentar las mareas vivas?\u00bb button_url=\u00bb@ET-DC@eyJkeW5hbWljIjp0cnVlLCJjb250ZW50IjoicG9zdF9saW5rX3VybF9wYWdlIiwic2V0dGluZ3MiOnsicG9zdF9pZCI6Ijk1OSJ9fQ==@\u00bb button_text=\u00bbEstoy reservando mi viaje de pesca.\u00bb _builder_version=\u00bb4.27.5&#8243; _dynamic_attributes=\u00bbbutton_url\u00bb _module_preset=\u00bbdefault\u00bb background_color=\u00bb#B1C933&#8243; global_colors_info=\u00bb{}\u00bb]<\/p>\n<p><span style=\"font-weight: 400;\">Las condiciones meteorol\u00f3gicas de septiembre son prometedoras. Reserve su alojamiento (casa m\u00f3vil o parcela) ahora. <\/span><\/p>\n<p>[\/et_pb_cta][\/et_pb_column][\/et_pb_row][et_pb_row admin_label=\u00bbEntradas de blog Fila\u00bb _builder_version=\u00bb4.19.4&#8243; global_colors_info=\u00bb{}\u00bb][et_pb_column type=\u00bb4_4&#8243; _builder_version=\u00bb4.19.4&#8243; custom_padding=\u00bb|||\u00bb global_colors_info=\u00bb{}\u00bb custom_padding__hover=\u00bb|||\u00bb][et_pb_blog fullwidth=\u00bboff\u00bb posts_number=\u00bb3&#8243; use_manual_excerpt=\u00bboff\u00bb _builder_version=\u00bb4.27.4&#8243; header_level=\u00bbh4&#8243; header_font=\u00bbMuli|600|||||||\u00bb header_font_size=\u00bb18px\u00bb header_line_height=\u00bb1.4em\u00bb body_font=\u00bbMuli||||||||\u00bb body_font_size=\u00bb16px\u00bb body_line_height=\u00bb1.8em\u00bb meta_font=\u00bbMuli|600|||||||\u00bb meta_text_color=\u00bbrgba(0,0,0,0.3)\u00bb meta_font_size=\u00bb14px\u00bb pagination_font=\u00bbMuli|700|||||||\u00bb pagination_text_color=\u00bb#f4583f\u00bb border_width_all=\u00bb0px\u00bb global_colors_info=\u00bb{}\u00bb][\/et_pb_blog][\/et_pb_column][\/et_pb_row][\/et_pb_section]<\/p>\n","protected":false},"excerpt":{"rendered":"<p>Septiembre en Normand\u00eda es el mes para los entendidos. Es la \u00e9poca en que la naturaleza ofrece uno de sus espect\u00e1culos m\u00e1s impresionantes: el Mareas del equinoccio de primavera . Con coeficientes de marea que a menudo superan los 100, el mar retrocede a una distancia vertiginosa, revelando tesoros normalmente inaccesibles. Ubicado en la primera [&hellip;]<\/p>\n","protected":false},"author":3,"featured_media":7930,"comment_status":"closed","ping_status":"closed","sticky":false,"template":"","format":"standard","meta":{"_seopress_titles_title":"Grandes Mar\u00e9es de Septembre : P\u00eache \u00e0 Pied \u00e0 Sainte-Marie-du-Mont","_seopress_titles_desc":"Profitez des grandes mar\u00e9es d'\u00e9quinoxe en septembre ! Le Camping La Baie des Veys est le spot id\u00e9al pour la p\u00eache \u00e0 pied. Horaires, s\u00e9curit\u00e9, mat\u00e9riel : Mich\u00e8le et Lucie vous livrent leurs conseils pour une p\u00eache miraculeuse et responsable.","_seopress_robots_index":"","_seopress_robots_follow":"","_seopress_robots_imageindex":"","_seopress_robots_snippet":"","_seopress_robots_primary_cat":"none","_seopress_robots_breadcrumbs":"","_seopress_robots_freeze_modified_date":"","_seopress_robots_custom_modified_date":"","_seopress_robots_canonical":"","_seopress_social_fb_title":"","_seopress_social_fb_desc":"","_seopress_social_fb_img":"","_seopress_social_fb_img_attachment_id":0,"_seopress_social_fb_img_width":0,"_seopress_social_fb_img_height":0,"_seopress_social_twitter_title":"","_seopress_social_twitter_desc":"","_seopress_social_twitter_img":"","_seopress_social_twitter_img_attachment_id":0,"_seopress_social_twitter_img_width":0,"_seopress_social_twitter_img_height":0,"_seopress_redirections_value":"","_seopress_redirections_enabled":"","_seopress_redirections_enabled_regex":"","_seopress_redirections_logged_status":"ambos","_seopress_redirections_param":"","_seopress_redirections_type":301,"_seopress_analysis_target_kw":"","_seopress_news_disabled":"","_seopress_video_disabled":"","_seopress_video":[],"_seopress_pro_schemas_manual":[],"_seopress_pro_rich_snippets_disable_all":"","_seopress_pro_rich_snippets_disable":[],"_seopress_pro_schemas":[],"_et_pb_use_builder":"on","_et_pb_old_content":"","_et_gb_content_width":"","footnotes":""},"categories":[],"tags":[],"class_list":["post-8131","post","type-post","status-publish","format-standard","has-post-thumbnail","hentry"],"_links":{"self":[{"href":"https:\/\/www.campinglabaiedesveys.com\/es\/wp-json\/wp\/v2\/posts\/8131","targetHints":{"allow":["GET"]}}],"collection":[{"href":"https:\/\/www.campinglabaiedesveys.com\/es\/wp-json\/wp\/v2\/posts"}],"about":[{"href":"https:\/\/www.campinglabaiedesveys.com\/es\/wp-json\/wp\/v2\/types\/post"}],"author":[{"embeddable":true,"href":"https:\/\/www.campinglabaiedesveys.com\/es\/wp-json\/wp\/v2\/users\/3"}],"replies":[{"embeddable":true,"href":"https:\/\/www.campinglabaiedesveys.com\/es\/wp-json\/wp\/v2\/comments?post=8131"}],"version-history":[{"count":4,"href":"https:\/\/www.campinglabaiedesveys.com\/es\/wp-json\/wp\/v2\/posts\/8131\/revisions"}],"predecessor-version":[{"id":11030,"href":"https:\/\/www.campinglabaiedesveys.com\/es\/wp-json\/wp\/v2\/posts\/8131\/revisions\/11030"}],"wp:featuredmedia":[{"embeddable":true,"href":"https:\/\/www.campinglabaiedesveys.com\/es\/wp-json\/wp\/v2\/media\/7930"}],"wp:attachment":[{"href":"https:\/\/www.campinglabaiedesveys.com\/es\/wp-json\/wp\/v2\/media?parent=8131"}],"wp:term":[{"taxonomy":"category","embeddable":true,"href":"https:\/\/www.campinglabaiedesveys.com\/es\/wp-json\/wp\/v2\/categories?post=8131"},{"taxonomy":"post_tag","embeddable":true,"href":"https:\/\/www.campinglabaiedesveys.com\/es\/wp-json\/wp\/v2\/tags?post=8131"}],"curies":[{"name":"wp","href":"https:\/\/api.w.org\/{rel}","templated":true}]}}